{"id":1470,"date":"2016-11-26T03:40:34","date_gmt":"2016-11-26T03:40:34","guid":{"rendered":"http:\/\/www.radiodigitaltamazunchale.com\/landing\/?p=1470"},"modified":"2016-11-26T03:40:34","modified_gmt":"2016-11-26T03:40:34","slug":"jm-carreras-y-comisionado-de-la-pf-acuerdan-fortalecer-agenda-de-proximidad-social","status":"publish","type":"post","link":"https:\/\/www.radiodigitaltamazunchale.com\/landing\/uncategorized\/jm-carreras-y-comisionado-de-la-pf-acuerdan-fortalecer-agenda-de-proximidad-social\/","title":{"rendered":"JM CARRERAS Y COMISIONADO DE LA PF ACUERDAN FORTALECER AGENDA DE PROXIMIDAD SOCIAL"},"content":{"rendered":"<ul>\n<li style=\"font-weight: 400;\"><b>Inauguran el Diplomado <\/b><b>en Vinculaci\u00f3n e Inteligencia Social.<\/b><\/li>\n<li style=\"font-weight: 400;\"><b>Se re\u00fane con el Comisionado General de la Polic\u00eda Federal, Manelich Castilla Craviotto.<\/b><\/li>\n<\/ul>\n<p><span style=\"font-weight: 400;\">El Gobernador del Estado Juan Manuel Carreras L\u00f3pez, acord\u00f3 con el Comisionado General de la Polic\u00eda Federal, Manelich Castilla Craviotto, establecer una agenda de trabajo para fortalecer las tareas de proximidad y participaci\u00f3n social, con la finalidad de prevenir y atender los fen\u00f3menos delictivos a trav\u00e9s de un mayor acercamiento con la ciudadan\u00eda.<\/span><\/p>\n<p><span style=\"font-weight: 400;\">Tras la inauguraci\u00f3n Diplomado en Vinculaci\u00f3n e Inteligencia Social que se imparte a mandos de la Gendarmer\u00eda, que se desarroll\u00f3 en las instalaciones de la Academia Superior de Seguridad de la Polic\u00eda Federal, el titular del Ejecutivo estatal destac\u00f3 la labor que realizan esta corporaci\u00f3n policiaca, sobre todo en materia de proximidad social para prevenir conductas y hechos delictivos entre la poblaci\u00f3n. <\/span><\/p>\n<p><span style=\"font-weight: 400;\">\u201cLas polic\u00edas estatales y municipales se deber\u00e1n sumar a esta capacitaci\u00f3n, para ampliar sus capacidades de atenci\u00f3n con la ciudadan\u00eda que nos permita prevenir conductas delictivas\u201d, puntualiz\u00f3.<\/span><\/p>\n<p><span style=\"font-weight: 400;\">Por su parte, el Comisionado General\u00a0 Manelich Castilla Craviotto, dio a conocer que se elaborar\u00e1 una agenda de trabajo para que las polic\u00edas estatal y municipales se sumen a las tareas de proximidad y participaci\u00f3n social, para generar acciones de vinculaci\u00f3n e inteligencia social y que eso ayude a anticipar y prevenir la aparici\u00f3n de conflictos.<\/span><\/p>\n<p><span style=\"font-weight: 400;\">Destac\u00f3 que el modelo de inteligencia social implementado por la Polic\u00eda Federal ya ha dado resultados con acciones desarrolladas por la Divisi\u00f3n de Gendarmer\u00eda, donde las acciones de proximidad han permitido estrategias para atender la demanda ciudadana de mayor seguridad. <\/span><\/p>\n<p><span style=\"font-weight: 400;\">El diplomado en Vinculaci\u00f3n e Inteligencia Social se imparte en su primera edici\u00f3n en la Academia Superior de Seguridad de la Polic\u00eda Federal de San Luis Potos\u00ed, a un grupo de 70 elementos de la Divisi\u00f3n de Gendarmer\u00eda, el cual contempla el establecimiento de esquemas para impartir esta especialidad a cuerpos de la polic\u00eda estatal y municipales del estado de San Luis Potos\u00ed.<\/span><\/p>\n<p><span style=\"font-weight: 400;\">Este diplomado est\u00e1 orientado a que los agentes de seguridad tengan la capacidad de prevenir y atender los fen\u00f3menos delictivos a trav\u00e9s de un mayor acercamiento con la ciudadan\u00eda.<\/span><\/p>\n<p><span style=\"font-weight: 400;\">Previamente, el mandatario estatal Carreras L\u00f3pez y el Comisionado General Castilla Craviotto, realizaron un recorrido por la Sala de Juicios Orales de la Academia Superior de la Polic\u00eda Federal, donde los elementos de la Unidad de la Polic\u00eda Procesal realizan su capacitaci\u00f3n y formaci\u00f3n acad\u00e9mica en la materia.<\/span><\/p>\n","protected":false},"excerpt":{"rendered":"<p>Inauguran el Diplomado en Vinculaci\u00f3n e Inteligencia Social. Se re\u00fane con el Comisionado General de la Polic\u00eda Federal, Manelich Castilla<\/p>\n","protected":false},"author":2,"featured_media":1471,"comment_status":"open","ping_status":"open","sticky":false,"template":"","format":"standard","meta":[],"categories":[1],"tags":[],"_links":{"self":[{"href":"https:\/\/www.radiodigitaltamazunchale.com\/landing\/wp-json\/wp\/v2\/posts\/1470"}],"collection":[{"href":"https:\/\/www.radiodigitaltamazunchale.com\/landing\/wp-json\/wp\/v2\/posts"}],"about":[{"href":"https:\/\/www.radiodigitaltamazunchale.com\/landing\/wp-json\/wp\/v2\/types\/post"}],"author":[{"embeddable":true,"href":"https:\/\/www.radiodigitaltamazunchale.com\/landing\/wp-json\/wp\/v2\/users\/2"}],"replies":[{"embeddable":true,"href":"https:\/\/www.radiodigitaltamazunchale.com\/landing\/wp-json\/wp\/v2\/comments?post=1470"}],"version-history":[{"count":1,"href":"https:\/\/www.radiodigitaltamazunchale.com\/landing\/wp-json\/wp\/v2\/posts\/1470\/revisions"}],"predecessor-version":[{"id":1472,"href":"https:\/\/www.radiodigitaltamazunchale.com\/landing\/wp-json\/wp\/v2\/posts\/1470\/revisions\/1472"}],"wp:featuredmedia":[{"embeddable":true,"href":"https:\/\/www.radiodigitaltamazunchale.com\/landing\/wp-json\/wp\/v2\/media\/1471"}],"wp:attachment":[{"href":"https:\/\/www.radiodigitaltamazunchale.com\/landing\/wp-json\/wp\/v2\/media?parent=1470"}],"wp:term":[{"taxonomy":"category","embeddable":true,"href":"https:\/\/www.radiodigitaltamazunchale.com\/landing\/wp-json\/wp\/v2\/categories?post=1470"},{"taxonomy":"post_tag","embeddable":true,"href":"https:\/\/www.radiodigitaltamazunchale.com\/landing\/wp-json\/wp\/v2\/tags?post=1470"}],"curies":[{"name":"wp","href":"https:\/\/api.w.org\/{rel}","templated":true}]}}