{"id":14725,"date":"2018-09-11T15:07:03","date_gmt":"2018-09-11T21:07:03","guid":{"rendered":"http:\/\/www.radiodigitaltamazunchale.com\/landing\/?p=14725"},"modified":"2018-09-11T15:07:03","modified_gmt":"2018-09-11T21:07:03","slug":"preocupacion-mundial-aumentaran-los-casos-de-cancer-de-pulmon-en-mujeres-casi-un-45","status":"publish","type":"post","link":"https:\/\/www.radiodigitaltamazunchale.com\/landing\/uncategorized\/preocupacion-mundial-aumentaran-los-casos-de-cancer-de-pulmon-en-mujeres-casi-un-45\/","title":{"rendered":"PREOCUPACI\u00d3N MUNDIAL: AUMENTAR\u00c1N LOS CASOS DE C\u00c1NCER DE PULM\u00d3N EN MUJERES CASI UN 45%"},"content":{"rendered":"<p>Los datos son escalofriantes y marcan una tendencia en alza entre 2015 y 2030<\/p>\n<p>La tasa mundial de mortalidad por\u00a0c\u00e1ncer\u00a0de pulm\u00f3n\u00a0en mujeres aumentar\u00e1 en un 43 % entre 2015 y 2030, mientras que en c\u00e1ncer de mama disminuir\u00e1 un 9 %, seg\u00fan un estudio realizado en 52 pa\u00edses por un equipo internacional de cientificos<\/p>\n<p>Los resultados se publican en Cancer Research, revista de la Asociaci\u00f3n Americana para la Investigaci\u00f3n del cancer\u00a0 y el trabajo lo lidera Jos\u00e9 M. Mart\u00ednez-S\u00e1nchez, responsable del grupo de investigaci\u00f3n de evaluaci\u00f3n de determinantes de salud y pol\u00edticas sanitarias de la Universitat Internacional de Catalunya (UIC Barcelona).<\/p>\n<p>Consumo de tabaco, una epidemia<\/p>\n<p>Para este epidemi\u00f3logo, se han hecho \u201cgrandes avances\u201d en la reducci\u00f3n de la mortalidad por c\u00e1ncer de mama a nivel mundial, pero en c\u00e1ncer de pulm\u00f3n la tasa de mortalidad contin\u00faa aumentando entre las mujeres debido al consumo de tabaco: \u201csi no implementamos medidas para reducir su consumo en esta poblaci\u00f3n, la mortalidad por c\u00e1ncer de pulm\u00f3n seguir\u00e1 aumentando entre las mujeres en todo el mundo; incluso podr\u00e1 superar a la mortalidad por c\u00e1ncer de mama\u201d.<\/p>\n<p>Estudios anteriores hab\u00edan hecho proyecciones de la tasa de mortalidad por estos dos tumores en mujeres, pero centrados en un \u00fanico pa\u00eds o continente; se trata de uno de los primeros trabajos realizados a escala mundial, se\u00f1ala Mart\u00ednez-S\u00e1nchez en una nota de prensa de la Asociaci\u00f3n Americana para la Investigaci\u00f3n del C\u00e1ncer.<\/p>\n<p>Los datos analizados son de la Organizaci\u00f3n Mundial de la Salud (OMS) del per\u00edodo 2008-2015, tanto de muertes por estos c\u00e1nceres como de poblaci\u00f3n en los 52 pa\u00edses, a partir de los cuales se calcul\u00f3 la tasa estandarizada de mortalidad en ambas enfermedades -esta tasa quita el efecto de la distribuci\u00f3n por edad para poder comparar as\u00ed todos los pa\u00edses-.<\/p>\n<p>As\u00ed, seg\u00fan este estudio, las tasas m\u00e1s altas de mortalidad estandarizada por c\u00e1ncer de pulm\u00f3n en 2030 se proyectan en Europa y Ocean\u00eda, mientras que las m\u00e1s bajas de mortalidad por este mismo c\u00e1ncer se proyectan en Am\u00e9rica y Asia.<\/p>\n<p>A nivel mundial, se prev\u00e9 que las muertes por este tumor pasen de 11,2 por cada 100.000 mujeres a 16 cada 100.000 mujeres en 2030.<\/p>\n<p>Las mujeres llegaron al consumo de tabaco m\u00e1s tarde que los hombres -al principio para ellas estaba socialmente mal visto-, por eso ahora se ve un mayor incremento de las tasas de mortalidad por c\u00e1ncer de pulm\u00f3n en ellas que en ellos: ante estos datos, Mart\u00ednez-S\u00e1nchez indica que hay que atacar esta diferencia de g\u00e9nero en la epidemia del tabaco.<\/p>\n<p>En cuanto al c\u00e1ncer de mama, este trabajo apunta que a nivel mundial se prev\u00e9 que la tasa de mortalidad disminuya de 16,1 mujeres fallecidas por cada 100.000 en 2015 a 14,7 mujeres en 2030.<br \/>\nC\u00e1ncer de mama<\/p>\n<p>La reducci\u00f3n m\u00e1s alta de mortalidad por este tumor se pronostica en Europa, aunque a\u00fan presenta la tasa m\u00e1s elevada. La mencionada disminuci\u00f3n est\u00e1 relacionada con la mejora de los tratamientos y detecci\u00f3n precoz del c\u00e1ncer de mama (cribado poblacional), as\u00ed como una mayor concienciaci\u00f3n entre la poblaci\u00f3n.<\/p>\n<p>\u201cEl c\u00e1ncer de mama tambi\u00e9n se relaciona con la obesidad o consumo de alcohol\u201d, seg\u00fan el investigador de la UIC Barcelona, por eso en Asia podemos ser testigos de un incremento de las muertes por este tumor debido a que en algunos de estos pa\u00edses orientales se est\u00e1n adaptando estilos de vida occidentalizados, que \u201ca menudo conducen a la obesidad y aumento de la ingesta de alcohol\u201d.<\/p>\n<p>En comparaci\u00f3n con los pa\u00edses de ingresos medios, los pa\u00edses de ingresos altos tienen las tasas de mortalidad por c\u00e1ncer de pulm\u00f3n y de mama m\u00e1s altas proyectadas para 2030. Sin embargo, es m\u00e1s probable que los pa\u00edses de ingresos altos tengan una tendencia decreciente de las tasas de mortalidad por c\u00e1ncer de mama de 2015 a 2030.<\/p>\n<p>&nbsp;<\/p>\n<p>&nbsp;<\/p>\n","protected":false},"excerpt":{"rendered":"<p>Los datos son escalofriantes y marcan una tendencia en alza entre 2015 y 2030 La tasa mundial de mortalidad por\u00a0c\u00e1ncer\u00a0de<\/p>\n","protected":false},"author":2,"featured_media":14726,"comment_status":"open","ping_status":"open","sticky":false,"template":"","format":"standard","meta":[],"categories":[1],"tags":[],"_links":{"self":[{"href":"https:\/\/www.radiodigitaltamazunchale.com\/landing\/wp-json\/wp\/v2\/posts\/14725"}],"collection":[{"href":"https:\/\/www.radiodigitaltamazunchale.com\/landing\/wp-json\/wp\/v2\/posts"}],"about":[{"href":"https:\/\/www.radiodigitaltamazunchale.com\/landing\/wp-json\/wp\/v2\/types\/post"}],"author":[{"embeddable":true,"href":"https:\/\/www.radiodigitaltamazunchale.com\/landing\/wp-json\/wp\/v2\/users\/2"}],"replies":[{"embeddable":true,"href":"https:\/\/www.radiodigitaltamazunchale.com\/landing\/wp-json\/wp\/v2\/comments?post=14725"}],"version-history":[{"count":1,"href":"https:\/\/www.radiodigitaltamazunchale.com\/landing\/wp-json\/wp\/v2\/posts\/14725\/revisions"}],"predecessor-version":[{"id":14727,"href":"https:\/\/www.radiodigitaltamazunchale.com\/landing\/wp-json\/wp\/v2\/posts\/14725\/revisions\/14727"}],"wp:featuredmedia":[{"embeddable":true,"href":"https:\/\/www.radiodigitaltamazunchale.com\/landing\/wp-json\/wp\/v2\/media\/14726"}],"wp:attachment":[{"href":"https:\/\/www.radiodigitaltamazunchale.com\/landing\/wp-json\/wp\/v2\/media?parent=14725"}],"wp:term":[{"taxonomy":"category","embeddable":true,"href":"https:\/\/www.radiodigitaltamazunchale.com\/landing\/wp-json\/wp\/v2\/categories?post=14725"},{"taxonomy":"post_tag","embeddable":true,"href":"https:\/\/www.radiodigitaltamazunchale.com\/landing\/wp-json\/wp\/v2\/tags?post=14725"}],"curies":[{"name":"wp","href":"https:\/\/api.w.org\/{rel}","templated":true}]}}