{"id":14774,"date":"2018-09-12T14:00:30","date_gmt":"2018-09-12T20:00:30","guid":{"rendered":"http:\/\/www.radiodigitaltamazunchale.com\/landing\/?p=14774"},"modified":"2018-09-12T14:00:30","modified_gmt":"2018-09-12T20:00:30","slug":"bullying-habria-causado-suicidio-de-estudiante-en-prepa-tec","status":"publish","type":"post","link":"https:\/\/www.radiodigitaltamazunchale.com\/landing\/uncategorized\/bullying-habria-causado-suicidio-de-estudiante-en-prepa-tec\/","title":{"rendered":"BULLYING HABR\u00cdA CAUSADO SUICIDIO DE ESTUDIANTE EN PREPA TEC"},"content":{"rendered":"<p>\u00abDesde hace un a\u00f1o se rumor\u00f3 que se le detect\u00f3 Asperger\u00bb, coment\u00f3 una compa\u00f1era del joven llamado Jakob<\/p>\n<p>El bullying habr\u00eda sido la causa del suicidio del estudiante de la Prepa Tec Valle Alto, ubicada en Monterrey.<\/p>\n<p>La ma\u00f1ana de este lunes, \u201cJakob\u201d fue encontrado muerto con un tiro en la cabeza, en los ba\u00f1os del plantel.<\/p>\n<p>De acuerdo con una compa\u00f1era, el joven era v\u00edctima constante de las burlas, pues aunque quer\u00eda agradarle a los dem\u00e1s, siempre terminaba insultado.<\/p>\n<p>\u201cEso hac\u00eda que se apartara de todos, se met\u00eda mucho en los videojuegos, desde hace un a\u00f1o se rumor\u00f3 que se le detect\u00f3 Asperger, lo cual lo volvi\u00f3 m\u00e1s apartado de todos, es lamentable porque \u00e9l quer\u00eda tener amigos\u201d, dijo la estudiante.<\/p>\n<p>Las redes sociales de Jakob sumaban poco m\u00e1s de 30 amigos, y en sus publicaciones, el alumno mostraba sus gustos por Harry Potter, Game of Thrones, Star Wars, Indiana Jones y los videojuego<\/p>\n<p>Su \u00faltimo estado de WhatsApp, actualizado al 14 de febrero, dec\u00eda \u201cSolo y sin amor\u201d en alem\u00e1n (Allein und ungeliebt).<\/p>\n<p>A ra\u00edz del hecho, el Tec de Monterrey anunci\u00f3 el reforzamiento de la seguridad, para evitar el ingreso de armas, adem\u00e1s de un acompa\u00f1amiento profesional de consejer\u00eda para j\u00f3venes.<\/p>\n<p>&nbsp;<\/p>\n<p>FUENTE JOAQUIN LOPEZ DORIGA<\/p>\n","protected":false},"excerpt":{"rendered":"<p>\u00abDesde hace un a\u00f1o se rumor\u00f3 que se le detect\u00f3 Asperger\u00bb, coment\u00f3 una compa\u00f1era del joven llamado Jakob El bullying<\/p>\n","protected":false},"author":2,"featured_media":14777,"comment_status":"open","ping_status":"open","sticky":false,"template":"","format":"standard","meta":[],"categories":[1],"tags":[],"_links":{"self":[{"href":"https:\/\/www.radiodigitaltamazunchale.com\/landing\/wp-json\/wp\/v2\/posts\/14774"}],"collection":[{"href":"https:\/\/www.radiodigitaltamazunchale.com\/landing\/wp-json\/wp\/v2\/posts"}],"about":[{"href":"https:\/\/www.radiodigitaltamazunchale.com\/landing\/wp-json\/wp\/v2\/types\/post"}],"author":[{"embeddable":true,"href":"https:\/\/www.radiodigitaltamazunchale.com\/landing\/wp-json\/wp\/v2\/users\/2"}],"replies":[{"embeddable":true,"href":"https:\/\/www.radiodigitaltamazunchale.com\/landing\/wp-json\/wp\/v2\/comments?post=14774"}],"version-history":[{"count":2,"href":"https:\/\/www.radiodigitaltamazunchale.com\/landing\/wp-json\/wp\/v2\/posts\/14774\/revisions"}],"predecessor-version":[{"id":14778,"href":"https:\/\/www.radiodigitaltamazunchale.com\/landing\/wp-json\/wp\/v2\/posts\/14774\/revisions\/14778"}],"wp:featuredmedia":[{"embeddable":true,"href":"https:\/\/www.radiodigitaltamazunchale.com\/landing\/wp-json\/wp\/v2\/media\/14777"}],"wp:attachment":[{"href":"https:\/\/www.radiodigitaltamazunchale.com\/landing\/wp-json\/wp\/v2\/media?parent=14774"}],"wp:term":[{"taxonomy":"category","embeddable":true,"href":"https:\/\/www.radiodigitaltamazunchale.com\/landing\/wp-json\/wp\/v2\/categories?post=14774"},{"taxonomy":"post_tag","embeddable":true,"href":"https:\/\/www.radiodigitaltamazunchale.com\/landing\/wp-json\/wp\/v2\/tags?post=14774"}],"curies":[{"name":"wp","href":"https:\/\/api.w.org\/{rel}","templated":true}]}}