{"id":1479,"date":"2016-11-27T21:32:31","date_gmt":"2016-11-27T21:32:31","guid":{"rendered":"http:\/\/www.radiodigitaltamazunchale.com\/landing\/?p=1479"},"modified":"2016-11-27T21:32:31","modified_gmt":"2016-11-27T21:32:31","slug":"vive-slp-importante-desarrollo-economico-jm-carreras","status":"publish","type":"post","link":"https:\/\/www.radiodigitaltamazunchale.com\/landing\/uncategorized\/vive-slp-importante-desarrollo-economico-jm-carreras\/","title":{"rendered":"VIVE SLP IMPORTANTE DESARROLLO ECON\u00d3MICO: JM CARRERAS."},"content":{"rendered":"<ul>\n<li style=\"font-weight: 400;\">\n<ul>\n<li style=\"font-weight: 400;\"><b>Toma protesta a nueva directiva de IPAC. <\/b><\/li>\n<\/ul>\n<p><span style=\"font-weight: 400;\"><br \/>\n<\/span><span style=\"font-weight: 400;\">Al tomar protesta a los integrantes de la nueva directiva de Industriales Potosinos, A.C. (IPAC), que encabeza Guillermo Aldrett Rodr\u00edguez, el Gobernador del Estado Juan Manuel Carreras L\u00f3pez, asegur\u00f3 que San Luis Potos\u00ed atraviesa una etapa de desarrollo econ\u00f3mico que permitir\u00e1 que las y los potosinos prosperemos juntos. <\/span><\/p>\n<p><span style=\"font-weight: 400;\"><br \/>\n<\/span><span style=\"font-weight: 400;\">En el Centro de Convenciones de San Luis Potos\u00ed, el mandatario potosino destac\u00f3 que la construcci\u00f3n de la nueva terminal a\u00e9rea que realiza el Grupo OMA, es un fuerte mensaje de la confianza que hay por invertir en San Luis Potos\u00ed. \u201cA nivel nacional, nuestra entidad destaca en materia de inversi\u00f3n y en generaci\u00f3n de empleos\u201d, puntualiz\u00f3. <\/span><\/p>\n<p><span style=\"font-weight: 400;\"><br \/>\n<\/span><span style=\"font-weight: 400;\">Ante esta perspectiva de desarrollo y crecimiento de nuestro estado, el papel de las organizaciones empresariales, educativas, sociales y laborales es muy importante, por ello pidi\u00f3 a las 220 empresas adheridas a IPAC a continuar trabajando a favor de un futuro promisorio para las familias potosinas. \u201cNadie queda excluido, todos vamos en el mismo barco, por lo que la participaci\u00f3n de IPAC permitir\u00e1 contar con una sociedad potosina m\u00e1s robusta y fuerte\u201d, apunt\u00f3. <\/span><\/p>\n<p><span style=\"font-weight: 400;\"><br \/>\n<\/span><span style=\"font-weight: 400;\">Durante su intervenci\u00f3n, el nuevo presidente de IPAC, Guillermo Aldrette Rodr\u00edguez, manifest\u00f3 que su gesti\u00f3n estar\u00e1 enfocada en 4 ejes de trabajo: medio ambiente para un San Luis Potos\u00ed m\u00e1s sustentable; agroindustria, para impulsar el campo y la producci\u00f3n de alimentos; participaci\u00f3n social, para mejorar la calidad de vida de los industriales y el entorno en el que viven; y el impulso a los j\u00f3venes emprendedores como futuros industriales potosinos. \u201cIPAC ser\u00e1 un factor determinante en la transformaci\u00f3n del entorno y desarrollo de San Luis Potos\u00ed\u201d, finaliz\u00f3. <\/span><\/p>\n<p><span style=\"font-weight: 400;\"><br \/>\n<\/span><span style=\"font-weight: 400;\">Carreras L\u00f3pez reconoci\u00f3 la labor tanto del presidente saliente Carlos Mier Padr\u00f3n como del presidente entrante de IPAC, Guillermo Aldrette, como dos j\u00f3venes potosinos que trabajan para que a San Luis Potos\u00ed le vaya bien y salga adelante. <\/span><\/p>\n<p><span style=\"font-weight: 400;\"><br \/>\n<\/span><span style=\"font-weight: 400;\">\u201cAl nuevo presidente de IPAC le deseo lo mejor en su nueva encomienda al frente de esta importante instituci\u00f3n empresarial\u201d, puntualiz\u00f3. <\/span><\/p>\n<p><span style=\"font-weight: 400;\"><br \/>\n<\/span><span style=\"font-weight: 400;\">Durante la ceremonia, el titular del Ejecutivo estatal y el nuevo presidente de IPAC Guillermo Aldret Rodr\u00edguez entregaron reconocimientos a asociados distinguidos de esta instituci\u00f3n por su amplia trayectoria en el desarrollo de la industria potosina y el crecimiento econ\u00f3mico y social que han generado sus empresas en el estado de San Luis Potos\u00ed. <\/span><span style=\"font-weight: 400;\"><br \/>\n<\/span><\/li>\n<\/ul>\n","protected":false},"excerpt":{"rendered":"<p>Toma protesta a nueva directiva de IPAC. Al tomar protesta a los integrantes de la nueva directiva de Industriales Potosinos,<\/p>\n","protected":false},"author":2,"featured_media":1480,"comment_status":"open","ping_status":"open","sticky":false,"template":"","format":"standard","meta":[],"categories":[1],"tags":[],"_links":{"self":[{"href":"https:\/\/www.radiodigitaltamazunchale.com\/landing\/wp-json\/wp\/v2\/posts\/1479"}],"collection":[{"href":"https:\/\/www.radiodigitaltamazunchale.com\/landing\/wp-json\/wp\/v2\/posts"}],"about":[{"href":"https:\/\/www.radiodigitaltamazunchale.com\/landing\/wp-json\/wp\/v2\/types\/post"}],"author":[{"embeddable":true,"href":"https:\/\/www.radiodigitaltamazunchale.com\/landing\/wp-json\/wp\/v2\/users\/2"}],"replies":[{"embeddable":true,"href":"https:\/\/www.radiodigitaltamazunchale.com\/landing\/wp-json\/wp\/v2\/comments?post=1479"}],"version-history":[{"count":1,"href":"https:\/\/www.radiodigitaltamazunchale.com\/landing\/wp-json\/wp\/v2\/posts\/1479\/revisions"}],"predecessor-version":[{"id":1481,"href":"https:\/\/www.radiodigitaltamazunchale.com\/landing\/wp-json\/wp\/v2\/posts\/1479\/revisions\/1481"}],"wp:featuredmedia":[{"embeddable":true,"href":"https:\/\/www.radiodigitaltamazunchale.com\/landing\/wp-json\/wp\/v2\/media\/1480"}],"wp:attachment":[{"href":"https:\/\/www.radiodigitaltamazunchale.com\/landing\/wp-json\/wp\/v2\/media?parent=1479"}],"wp:term":[{"taxonomy":"category","embeddable":true,"href":"https:\/\/www.radiodigitaltamazunchale.com\/landing\/wp-json\/wp\/v2\/categories?post=1479"},{"taxonomy":"post_tag","embeddable":true,"href":"https:\/\/www.radiodigitaltamazunchale.com\/landing\/wp-json\/wp\/v2\/tags?post=1479"}],"curies":[{"name":"wp","href":"https:\/\/api.w.org\/{rel}","templated":true}]}}