{"id":14795,"date":"2018-09-13T08:59:20","date_gmt":"2018-09-13T14:59:20","guid":{"rendered":"http:\/\/www.radiodigitaltamazunchale.com\/landing\/?p=14795"},"modified":"2018-09-13T08:59:20","modified_gmt":"2018-09-13T14:59:20","slug":"aniversario-de-los-ninos-heroes","status":"publish","type":"post","link":"https:\/\/www.radiodigitaltamazunchale.com\/landing\/uncategorized\/aniversario-de-los-ninos-heroes\/","title":{"rendered":"ANIVERSARIO DE LOS NI\u00d1OS H\u00c9ROES"},"content":{"rendered":"<p>Hoy se conmemoran 171 a\u00f1os de la Gesta Heroica de los Ni\u00f1os H\u00e9roes,\u00a06\u00a0cadetes\u00a0mexicanos\u00a0que fueron asesinados en la\u00a0Batalla de Chapultepec<\/p>\n<p>Este\u00a0<strong>13 de septiembre<\/strong>\u00a0se celebra la gesta heroica de los<strong>\u00a0Ni\u00f1os H\u00e9roes de Chapultepec<\/strong>, un grupo de cadetes mexicanos que fallecieron en la recordada Batalla de Chapultepec. Estos 6 j\u00f3venes del Heroico Colegio Militar dieron su vida por proteger la patria y actualmente son recordados por M\u00e9xico y sus ciudadanos, quienes realizan\u00a0<strong>diferentes actividades<\/strong>\u00a0para\u00a0<strong>conmemorar este acontecimiento hist\u00f3rico<\/strong>.<\/p>\n<p><strong>M\u00e9xico y Estados Unidos<\/strong>\u00a0se encontraban en conflicto por la\u00a0<strong>pertenencia de sus territorios<\/strong>. La guerra fue declarada por parte de Estados Unidos con fines expansionistas. Durante el conflicto, nuestro pa\u00eds vivi\u00f3 adem\u00e1s una serie de interferencias y desordenes a nivel pol\u00edtico, donde\u00a0<strong>hubo m\u00e1s de 7 presidentes<\/strong>\u00a0en el periodo entre 8 de marzo de 1846 al 30 de mayo de 1848.<\/p>\n<p>En setiembre de 1847 los grupos del Ej\u00e9rcito del Norte se fortificaron en los alrededores del bosque y el cerro de Chapultepec, mientras que\u00a0<strong>el ej\u00e9rcito de Estados Unidos<\/strong>\u00a0tom\u00f3 el palacio del Ex Arzobispado en Tacubaya como base de operaciones. Los d\u00edas 11 y 12 de setiembre\u00a0<strong>bombardearon el Castillo de Chapultepec<\/strong>\u00a0y el\u00a0<strong>d\u00eda 13 realizaron el asalto del sitio<\/strong>, donde se alojaba desde hac\u00eda 3 tres a\u00f1os el Colegio Militar.<\/p>\n<p>All\u00ed estudiaban los<strong>\u00a06 cadetes asesinados<\/strong>\u00a0en defensa de la patria. Sus nombres son: Juan de la Barrera, Juan Escutia, Agust\u00edn Melgar, Fernando Montes de Oca, Vicente Su\u00e1rez, y Francisco M\u00e1rquez y todos ten\u00edan\u00a0<strong>entre 13 y 17 a\u00f1os<\/strong>. Estos Ni\u00f1os H\u00e9roes\u00a0<strong>dieron la vida por defender el pa\u00eds<\/strong>\u00a0y actualmente son recordados no solo por su valent\u00eda, sino tambi\u00e9n por la gran haza\u00f1a de la que formaron parte.<\/p>\n<p>&nbsp;<\/p>\n<p>Fuente:\u00a0Universia M\u00e9xico<\/p>\n","protected":false},"excerpt":{"rendered":"<p>Hoy se conmemoran 171 a\u00f1os de la Gesta Heroica de los Ni\u00f1os H\u00e9roes,\u00a06\u00a0cadetes\u00a0mexicanos\u00a0que fueron asesinados en la\u00a0Batalla de Chapultepec Este\u00a013<\/p>\n","protected":false},"author":2,"featured_media":14796,"comment_status":"open","ping_status":"open","sticky":false,"template":"","format":"standard","meta":[],"categories":[1],"tags":[],"_links":{"self":[{"href":"https:\/\/www.radiodigitaltamazunchale.com\/landing\/wp-json\/wp\/v2\/posts\/14795"}],"collection":[{"href":"https:\/\/www.radiodigitaltamazunchale.com\/landing\/wp-json\/wp\/v2\/posts"}],"about":[{"href":"https:\/\/www.radiodigitaltamazunchale.com\/landing\/wp-json\/wp\/v2\/types\/post"}],"author":[{"embeddable":true,"href":"https:\/\/www.radiodigitaltamazunchale.com\/landing\/wp-json\/wp\/v2\/users\/2"}],"replies":[{"embeddable":true,"href":"https:\/\/www.radiodigitaltamazunchale.com\/landing\/wp-json\/wp\/v2\/comments?post=14795"}],"version-history":[{"count":1,"href":"https:\/\/www.radiodigitaltamazunchale.com\/landing\/wp-json\/wp\/v2\/posts\/14795\/revisions"}],"predecessor-version":[{"id":14797,"href":"https:\/\/www.radiodigitaltamazunchale.com\/landing\/wp-json\/wp\/v2\/posts\/14795\/revisions\/14797"}],"wp:featuredmedia":[{"embeddable":true,"href":"https:\/\/www.radiodigitaltamazunchale.com\/landing\/wp-json\/wp\/v2\/media\/14796"}],"wp:attachment":[{"href":"https:\/\/www.radiodigitaltamazunchale.com\/landing\/wp-json\/wp\/v2\/media?parent=14795"}],"wp:term":[{"taxonomy":"category","embeddable":true,"href":"https:\/\/www.radiodigitaltamazunchale.com\/landing\/wp-json\/wp\/v2\/categories?post=14795"},{"taxonomy":"post_tag","embeddable":true,"href":"https:\/\/www.radiodigitaltamazunchale.com\/landing\/wp-json\/wp\/v2\/tags?post=14795"}],"curies":[{"name":"wp","href":"https:\/\/api.w.org\/{rel}","templated":true}]}}