{"id":14801,"date":"2018-09-13T10:41:14","date_gmt":"2018-09-13T16:41:14","guid":{"rendered":"http:\/\/www.radiodigitaltamazunchale.com\/landing\/?p=14801"},"modified":"2018-09-13T10:41:14","modified_gmt":"2018-09-13T16:41:14","slug":"morena-pretende-suspender-evaluacion-docente","status":"publish","type":"post","link":"https:\/\/www.radiodigitaltamazunchale.com\/landing\/uncategorized\/morena-pretende-suspender-evaluacion-docente\/","title":{"rendered":"MORENA PRETENDE SUSPENDER EVALUACI\u00d3N DOCENTE"},"content":{"rendered":"<p><strong>Morena\u00a0<\/strong>propondr\u00e1 este jueves un punto de acuerdo para que el\u00a0<strong>Senado\u00a0<\/strong>exhorte a la Secretar\u00eda de Educaci\u00f3n P\u00fablica a suspender de forma inmediata la<strong>\u00a0evaluaci\u00f3n docente<\/strong>, en la misma sinton\u00eda de la C\u00e1mara de Diputados.<\/p>\n<p data-count=\"291\" data-wrap=\"43\">El senador de Morena, Casimiro M\u00e9ndez Ortiz, presentar\u00e1 en el pleno esta propuesta, la cual exhorta a la Coordinaci\u00f3n Nacional del Servicio Profesional Docente y al Instituto Nacional para la Evaluaci\u00f3n de la Educaci\u00f3n a revisar integralmente la legislaci\u00f3n conocida como reforma educativa.<\/p>\n<p data-count=\"160\" data-wrap=\"26\">Y, asimismo, \u201celiminar de manera definitiva los elementos punitivos que tanto han atentado en contra de los derechos de las y los trabajadores de la educaci\u00f3n\u201d.<\/p>\n<p data-count=\"229\" data-wrap=\"39\">El martes, en San L\u00e1zaro se aprob\u00f3 un punto de acuerdo que exhorta a la SEP,al INEE y a los gobiernos estatales a suspender el proceso de\u00a0<strong>evaluaci\u00f3n\u00a0<\/strong>y los procesos sancionatorios contra docentes que contiene la reforma educativa.<\/p>\n<p data-count=\"215\" data-wrap=\"33\">\u201cNos sumamos al exhorto de la C\u00e1mara de Diputados sobre la suspensi\u00f3n inmediata de la\u00a0<strong>evaluaci\u00f3n\u00a0<\/strong>(punitiva)\u00a0<strong>docente<\/strong>, mientras no se ponga en marcha el nuevo proyecto de reforma constitucional\u201d, plantea la propuesta.<\/p>\n<p data-count=\"233\" data-wrap=\"39\">En la v\u00edspera, el coordinador de los senadores priistas, Miguel \u00c1ngel Osorio Chong, dijo que la\u00a0<strong>evaluaci\u00f3n magisterial\u00a0<\/strong>no se puede detener por un punto de acuerdo aprobado en la C\u00e1mara de Diputados porque est\u00e1 establecido en la ley.<\/p>\n<p data-count=\"133\" data-wrap=\"21\">Se\u00f1al\u00f3 en que si se pretende, como se ha anunciado, revertir la reforma educativa,\u00a0<strong>Morena\u00a0<\/strong>deber\u00eda presentar una iniciativa para ello.<\/p>\n<p data-count=\"133\" data-wrap=\"21\">\n<p data-count=\"133\" data-wrap=\"21\">Fuente. elfinanciero<\/p>\n","protected":false},"excerpt":{"rendered":"<p>Morena\u00a0propondr\u00e1 este jueves un punto de acuerdo para que el\u00a0Senado\u00a0exhorte a la Secretar\u00eda de Educaci\u00f3n P\u00fablica a suspender de forma<\/p>\n","protected":false},"author":2,"featured_media":14802,"comment_status":"open","ping_status":"open","sticky":false,"template":"","format":"standard","meta":[],"categories":[1],"tags":[],"_links":{"self":[{"href":"https:\/\/www.radiodigitaltamazunchale.com\/landing\/wp-json\/wp\/v2\/posts\/14801"}],"collection":[{"href":"https:\/\/www.radiodigitaltamazunchale.com\/landing\/wp-json\/wp\/v2\/posts"}],"about":[{"href":"https:\/\/www.radiodigitaltamazunchale.com\/landing\/wp-json\/wp\/v2\/types\/post"}],"author":[{"embeddable":true,"href":"https:\/\/www.radiodigitaltamazunchale.com\/landing\/wp-json\/wp\/v2\/users\/2"}],"replies":[{"embeddable":true,"href":"https:\/\/www.radiodigitaltamazunchale.com\/landing\/wp-json\/wp\/v2\/comments?post=14801"}],"version-history":[{"count":1,"href":"https:\/\/www.radiodigitaltamazunchale.com\/landing\/wp-json\/wp\/v2\/posts\/14801\/revisions"}],"predecessor-version":[{"id":14803,"href":"https:\/\/www.radiodigitaltamazunchale.com\/landing\/wp-json\/wp\/v2\/posts\/14801\/revisions\/14803"}],"wp:featuredmedia":[{"embeddable":true,"href":"https:\/\/www.radiodigitaltamazunchale.com\/landing\/wp-json\/wp\/v2\/media\/14802"}],"wp:attachment":[{"href":"https:\/\/www.radiodigitaltamazunchale.com\/landing\/wp-json\/wp\/v2\/media?parent=14801"}],"wp:term":[{"taxonomy":"category","embeddable":true,"href":"https:\/\/www.radiodigitaltamazunchale.com\/landing\/wp-json\/wp\/v2\/categories?post=14801"},{"taxonomy":"post_tag","embeddable":true,"href":"https:\/\/www.radiodigitaltamazunchale.com\/landing\/wp-json\/wp\/v2\/tags?post=14801"}],"curies":[{"name":"wp","href":"https:\/\/api.w.org\/{rel}","templated":true}]}}