{"id":14807,"date":"2018-09-12T11:17:08","date_gmt":"2018-09-12T17:17:08","guid":{"rendered":"http:\/\/www.radiodigitaltamazunchale.com\/landing\/?p=14807"},"modified":"2018-09-13T11:17:18","modified_gmt":"2018-09-13T17:17:18","slug":"supervisan-jm-carreras-y-lorena-valle-instalaciones-del-centro-estatal-autismo-dif","status":"publish","type":"post","link":"https:\/\/www.radiodigitaltamazunchale.com\/landing\/uncategorized\/supervisan-jm-carreras-y-lorena-valle-instalaciones-del-centro-estatal-autismo-dif\/","title":{"rendered":"SUPERVISAN JM CARRERAS Y LORENA VALLE INSTALACIONES DEL CENTRO ESTATAL AUTISMO DIF"},"content":{"rendered":"<ul>\n<li><strong>La atenci\u00f3n se brindar\u00e1 en espacios m\u00e1s adecuados y amplios.<\/strong><\/li>\n<\/ul>\n<p>A fin de supervisar las nuevas instalaciones del Centro Estatal de Diagn\u00f3stico y Capacitaci\u00f3n, Autismo DIF, el Gobernador del Estado Juan Manuel Carreras L\u00f3pez y Lorena Valle Rodr\u00edguez, Presidenta de la Junta Directiva del DIF Estatal, realizaron una visita al centro, a fin de conocer los nuevos espacios en donde se ofrecen servicios integrales a personas con trastornos del espectro autista y sus familias.<\/p>\n<p>Durante la visita, recorrieron las nuevas \u00e1reas que fueron adaptadas y renovadas en Autismo DIF. En primer lugar, estuvieron en la sala de Avanza, en donde se trabaja con ni\u00f1as y ni\u00f1os pr\u00f3ximos a ingresar a la escuela, para que adquieran las habilidades necesarias que les permitan integrarse exitosamente a la escuela.<\/p>\n<p>De igual forma, recorrieron la sala de terapeutas, en donde se preparan las sesiones y elaboran los materiales. Posteriormente, conocieron el \u00e1rea de consultorios, en donde se desarrollan las sesiones con pacientes y familiares, para el desarrollo de rutinas y habilidades para la vida diaria.<\/p>\n<p>Finalmente estuvieron en el \u00e1rea de juegos, que es parte importante en el modelo de atenci\u00f3n, para trabajar las habilidades de sociabilizaci\u00f3n con las y los pacientes, que en su mayor\u00eda son ni\u00f1as, ni\u00f1os y adolescentes.<\/p>\n<p>Es importante recordar que el Centro Estatal de Diagn\u00f3stico y Capacitaci\u00f3n, se cre\u00f3 en abril de 2016, a fin de responder a una necesidad de que las personas con trastornos del espectro autista tuvieran una opci\u00f3n de atenci\u00f3n profesional y accesible.<\/p>\n<p>Desde entonces a la fecha, se brindan servicios de diagn\u00f3stico, terapia, sesiones con pacientes y familiares, as\u00ed como capacitaci\u00f3n a docentes, profesionales de la salud, personal de DIF Municipales y personas interesadas sobre la metodolog\u00eda Teacch, modelo en que se basa la atenci\u00f3n. Asimismo, el a\u00f1o pasado se empez\u00f3 a brindar estimulaci\u00f3n temprana y el programa Avanza, a fin de ofrecer mayores alternativas, para lograr la inclusi\u00f3n de personas con trastornos del espectro autista.<\/p>\n","protected":false},"excerpt":{"rendered":"<p>La atenci\u00f3n se brindar\u00e1 en espacios m\u00e1s adecuados y amplios. A fin de supervisar las nuevas instalaciones del Centro Estatal<\/p>\n","protected":false},"author":2,"featured_media":14808,"comment_status":"open","ping_status":"open","sticky":false,"template":"","format":"standard","meta":[],"categories":[1],"tags":[],"_links":{"self":[{"href":"https:\/\/www.radiodigitaltamazunchale.com\/landing\/wp-json\/wp\/v2\/posts\/14807"}],"collection":[{"href":"https:\/\/www.radiodigitaltamazunchale.com\/landing\/wp-json\/wp\/v2\/posts"}],"about":[{"href":"https:\/\/www.radiodigitaltamazunchale.com\/landing\/wp-json\/wp\/v2\/types\/post"}],"author":[{"embeddable":true,"href":"https:\/\/www.radiodigitaltamazunchale.com\/landing\/wp-json\/wp\/v2\/users\/2"}],"replies":[{"embeddable":true,"href":"https:\/\/www.radiodigitaltamazunchale.com\/landing\/wp-json\/wp\/v2\/comments?post=14807"}],"version-history":[{"count":1,"href":"https:\/\/www.radiodigitaltamazunchale.com\/landing\/wp-json\/wp\/v2\/posts\/14807\/revisions"}],"predecessor-version":[{"id":14809,"href":"https:\/\/www.radiodigitaltamazunchale.com\/landing\/wp-json\/wp\/v2\/posts\/14807\/revisions\/14809"}],"wp:featuredmedia":[{"embeddable":true,"href":"https:\/\/www.radiodigitaltamazunchale.com\/landing\/wp-json\/wp\/v2\/media\/14808"}],"wp:attachment":[{"href":"https:\/\/www.radiodigitaltamazunchale.com\/landing\/wp-json\/wp\/v2\/media?parent=14807"}],"wp:term":[{"taxonomy":"category","embeddable":true,"href":"https:\/\/www.radiodigitaltamazunchale.com\/landing\/wp-json\/wp\/v2\/categories?post=14807"},{"taxonomy":"post_tag","embeddable":true,"href":"https:\/\/www.radiodigitaltamazunchale.com\/landing\/wp-json\/wp\/v2\/tags?post=14807"}],"curies":[{"name":"wp","href":"https:\/\/api.w.org\/{rel}","templated":true}]}}