{"id":14838,"date":"2018-09-11T16:36:55","date_gmt":"2018-09-11T22:36:55","guid":{"rendered":"http:\/\/www.radiodigitaltamazunchale.com\/landing\/?p=14838"},"modified":"2018-09-13T16:37:27","modified_gmt":"2018-09-13T22:37:27","slug":"san-luis-potosi-incrementa-registro-en-actividad-delictivalegislador-jesus-cardona-mireles","status":"publish","type":"post","link":"https:\/\/www.radiodigitaltamazunchale.com\/landing\/uncategorized\/san-luis-potosi-incrementa-registro-en-actividad-delictivalegislador-jesus-cardona-mireles\/","title":{"rendered":"SAN LUIS POTOS\u00cd INCREMENTA REGISTRO EN ACTIVIDAD DELICTIVA:LEGISLADOR JES\u00daS CARDONA MIRELES"},"content":{"rendered":"<p style=\"text-align: justify; vertical-align: baseline; margin: 0cm 0cm 15.0pt 0cm;\"><span style=\"font-family: 'Verdana',sans-serif;\">Es urgente mejorar la coordinaci\u00f3n entre los cuerpos policiacos para implementar medidas de seguridad m\u00e1s efectivas contra la delincuencia, consider\u00f3 el diputado Jes\u00fas Cardona Mireles.<\/span><\/p>\n<p style=\"text-align: justify; vertical-align: baseline; margin: 0cm 0cm 15.0pt 0cm;\"><span style=\"font-family: 'Verdana',sans-serif;\">Indic\u00f3 que al igual que en el pa\u00eds, San Luis Potos\u00ed ha registrado un incremento en la actividad delictiva, por lo cual, es importante que las autoridades se coordinen en acciones que inhiban la comisi\u00f3n de delitos. <\/span><\/p>\n<p style=\"text-align: justify; vertical-align: baseline; margin: 0cm 0cm 15.0pt 0cm;\"><span style=\"font-family: 'Verdana',sans-serif;\">\u201cEn el tema de seguridad siempre hemos comentado que es importante una coordinaci\u00f3n de todas las corporaciones policiacas y tambi\u00e9n con la sociedad, que ya estamos viendo que en algunas colonias se est\u00e1n organizando poniendo su propia vigilancia\u201d.<\/span><\/p>\n<p style=\"text-align: justify; vertical-align: baseline; margin: 0cm 0cm 15.0pt 0cm;\"><span style=\"font-family: 'Verdana',sans-serif;\">Consider\u00f3 importante incentivar la participaci\u00f3n de la sociedad en acciones de prevenci\u00f3n y denuncia, para fortalecer el v\u00ednculo con las autoridades y que puedan dar resultados positivos en el combate a los delitos. <\/span><\/p>\n<p style=\"text-align: justify; vertical-align: baseline; margin: 0cm 0cm 15.0pt 0cm;\"><span style=\"font-family: 'Verdana',sans-serif;\">\u201cDebemos empezar a organizarnos con las autoridades, la propia ciudadan\u00eda para tomar algunas medidas de seguridad\u201d, indic\u00f3.<\/span><\/p>\n<p style=\"text-align: justify; vertical-align: baseline; margin: 0cm 0cm 15.0pt 0cm;\"><span style=\"font-family: 'Verdana',sans-serif;\">Agreg\u00f3 que es importante que las autoridades fortalezcan las acciones de video vigilancia, \u201cporque si te quiero comentar que el Secretario de Gobierno en la comparecencia del a\u00f1o pasado dec\u00eda que se iba a invertir en 5 mil c\u00e1maras de video vigilancia en todo el estado y, la verdad no s\u00e9 cu\u00e1ntas se hayan instalado\u201d.<\/span><\/p>\n<p style=\"text-align: justify; vertical-align: baseline; margin: 0cm 0cm 15.0pt 0cm;\"><span style=\"font-family: 'Verdana',sans-serif;\">Se\u00f1al\u00f3 que no es posible que la ciudadan\u00eda siga padeciendo los estragos de los delincuentes, por lo que es necesario que se establezcan acciones conjuntas, mediante operativos, programas espec\u00edficos y la participaci\u00f3n de la sociedad para fortalecer la participaci\u00f3n y denuncia.<\/span><\/p>\n<p style=\"text-align: justify; vertical-align: baseline; margin: 0cm 0cm 15.0pt 0cm;\"><span style=\"font-family: 'Verdana',sans-serif;\">\u00a0<\/span><\/p>\n","protected":false},"excerpt":{"rendered":"<p>Es urgente mejorar la coordinaci\u00f3n entre los cuerpos policiacos para implementar medidas de seguridad m\u00e1s efectivas contra la delincuencia, consider\u00f3<\/p>\n","protected":false},"author":2,"featured_media":14839,"comment_status":"open","ping_status":"open","sticky":false,"template":"","format":"standard","meta":[],"categories":[1],"tags":[],"_links":{"self":[{"href":"https:\/\/www.radiodigitaltamazunchale.com\/landing\/wp-json\/wp\/v2\/posts\/14838"}],"collection":[{"href":"https:\/\/www.radiodigitaltamazunchale.com\/landing\/wp-json\/wp\/v2\/posts"}],"about":[{"href":"https:\/\/www.radiodigitaltamazunchale.com\/landing\/wp-json\/wp\/v2\/types\/post"}],"author":[{"embeddable":true,"href":"https:\/\/www.radiodigitaltamazunchale.com\/landing\/wp-json\/wp\/v2\/users\/2"}],"replies":[{"embeddable":true,"href":"https:\/\/www.radiodigitaltamazunchale.com\/landing\/wp-json\/wp\/v2\/comments?post=14838"}],"version-history":[{"count":1,"href":"https:\/\/www.radiodigitaltamazunchale.com\/landing\/wp-json\/wp\/v2\/posts\/14838\/revisions"}],"predecessor-version":[{"id":14840,"href":"https:\/\/www.radiodigitaltamazunchale.com\/landing\/wp-json\/wp\/v2\/posts\/14838\/revisions\/14840"}],"wp:featuredmedia":[{"embeddable":true,"href":"https:\/\/www.radiodigitaltamazunchale.com\/landing\/wp-json\/wp\/v2\/media\/14839"}],"wp:attachment":[{"href":"https:\/\/www.radiodigitaltamazunchale.com\/landing\/wp-json\/wp\/v2\/media?parent=14838"}],"wp:term":[{"taxonomy":"category","embeddable":true,"href":"https:\/\/www.radiodigitaltamazunchale.com\/landing\/wp-json\/wp\/v2\/categories?post=14838"},{"taxonomy":"post_tag","embeddable":true,"href":"https:\/\/www.radiodigitaltamazunchale.com\/landing\/wp-json\/wp\/v2\/tags?post=14838"}],"curies":[{"name":"wp","href":"https:\/\/api.w.org\/{rel}","templated":true}]}}