{"id":14856,"date":"2018-09-14T08:05:25","date_gmt":"2018-09-14T14:05:25","guid":{"rendered":"http:\/\/www.radiodigitaltamazunchale.com\/landing\/?p=14856"},"modified":"2018-09-14T08:05:25","modified_gmt":"2018-09-14T14:05:25","slug":"beneficiaran-a-2-millones-600-mil-jovenes","status":"publish","type":"post","link":"https:\/\/www.radiodigitaltamazunchale.com\/landing\/uncategorized\/beneficiaran-a-2-millones-600-mil-jovenes\/","title":{"rendered":"BENEFICIAR\u00c1N A 2 MILLONES 600 MIL J\u00d3VENES"},"content":{"rendered":"<p>L\u00f3pez Obrador advirti\u00f3 que si la austeridad republicana no es suficiente para financiar el programa, har\u00e1n uso de la \u00abpobreza franciscana\u00bb.<\/p>\n<p>El programa J\u00f3venes Construyendo el Futuro beneficiar\u00e1 a\u00a0<strong>2 millones 600 mil j\u00f3venes<\/strong>\u00a0de entre 18 y 29 a\u00f1os que no estudian ni trabajan, una cantidad mayor a la que estudia actualmente en el sistema p\u00fablico de educaci\u00f3n superior, destacaron el presidente electo, Andr\u00e9s Manuel L\u00f3pez Obrador, y la pr\u00f3xima secretaria del Trabajo, Luisa Mar\u00eda Alcalde.<\/p>\n<p>De los 2 millones 600 mil j\u00f3venes que no estudian ni trabajan que busca beneficiar el nuevo gobierno,\u00a0<strong>300 mil<\/strong>\u00a0recibir\u00e1n la oportunidad de\u00a0<strong>estudiar una carrera<\/strong>\u00a0y una beca de\u00a0<strong>2 mil 400 pesos mensuales<\/strong>. Esta modalidad del programa estar\u00e1 coordinada por la Secretar\u00eda de Educaci\u00f3n P\u00fablica y su pr\u00f3ximo titular, Esteban Moctezuma.<\/p>\n<p>La mayor parte de la poblaci\u00f3n objetivo de J\u00f3venes Construyendo el Futuro,\u00a0<strong>2 millones 300 mil<\/strong>\u00a0j\u00f3venes, recibir\u00e1n una beca de\u00a0<strong>3 mil 600 pesos mensuales<\/strong>, cobertura m\u00e9dica y durante un a\u00f1o recibir\u00e1n\u00a0<strong>capacitaci\u00f3n en centros de trabajo<\/strong>\u00a0como una empresa particular, la administraci\u00f3n p\u00fablica federal u organizaciones de la sociedad civil.<\/p>\n<p>El\u00a0<strong>70 por ciento<\/strong>\u00a0de los j\u00f3venes beneficiarios trabajar\u00e1 en el\u00a0<strong>sector privado<\/strong>, el 20 por ciento en el sector p\u00fablico y el 10 por ciento en el sector social, explic\u00f3 Luisa Mar\u00eda Alcalde.<\/p>\n<p>La pr\u00f3xima secretaria del Trabajo inform\u00f3 que en los pr\u00f3ximos d\u00edas se realizar\u00e1n\u00a0<strong>brigadas casa por casa<\/strong>\u00a0para llamar a los j\u00f3venes interesados.<\/p>\n<p>Andr\u00e9s Manuel L\u00f3pez Obrador afirm\u00f3 que con este programa su gobierno competir\u00e1 al tu por tu con los que est\u00e1n atrapando a los j\u00f3venes. \u201cHasta ahora solo nos hab\u00edamos dedicado a decir, \u2018qu\u00e9 barbaridad, ah\u00ed est\u00e1n los halcones, los halconcitos, informando quien entra quien sale, pero\u00a0<strong>\u00bfqu\u00e9 hab\u00edamos hecho por los halconcitos?<\/strong>\u201c, dijo.<\/p>\n<p>El presidente electo se mostr\u00f3 confiado en que esta medida ayudar\u00e1 a \u201cserenar al pa\u00eds\u201d, pero a\u00f1adi\u00f3 que adem\u00e1s de bienestar material es necesario buscar\u00a0<strong>\u201cel bienestar del alma\u201d<\/strong>.<\/p>\n<p>\u201cTenemos que fortalecer valores, esto es pol\u00e9mico pero ya ven que a mi me gusta la pol\u00e9mica, vamos en su momento a convocar, y est\u00e1n invitados porque se va a elaborar entre todos, una constituci\u00f3n moral, le podr\u00edamos llamar c\u00f3digo de \u00e9tica o c\u00f3digo moral, pero no,\u00a0<strong>constituci\u00f3n moral<\/strong>\u201c, detall\u00f3.<\/p>\n<p>Sobre el tema de las medidas de austeridad tanto en la administraci\u00f3n p\u00fablica federal como en el Poder Legislativo, dijo que si hace falta dinero para financiar programas como \u201cJ\u00f3venes Construyendo el Futuro\u201d, pasar\u00e1n de la austeridad republicana a\u00a0<strong>\u201cla fase de la pobreza franciscana\u201d<\/strong>.<\/p>\n<p>&nbsp;<\/p>\n<p>Fuente. Aristeguinoticias<\/p>\n","protected":false},"excerpt":{"rendered":"<p>L\u00f3pez Obrador advirti\u00f3 que si la austeridad republicana no es suficiente para financiar el programa, har\u00e1n uso de la \u00abpobreza<\/p>\n","protected":false},"author":2,"featured_media":14857,"comment_status":"open","ping_status":"open","sticky":false,"template":"","format":"standard","meta":[],"categories":[1],"tags":[],"_links":{"self":[{"href":"https:\/\/www.radiodigitaltamazunchale.com\/landing\/wp-json\/wp\/v2\/posts\/14856"}],"collection":[{"href":"https:\/\/www.radiodigitaltamazunchale.com\/landing\/wp-json\/wp\/v2\/posts"}],"about":[{"href":"https:\/\/www.radiodigitaltamazunchale.com\/landing\/wp-json\/wp\/v2\/types\/post"}],"author":[{"embeddable":true,"href":"https:\/\/www.radiodigitaltamazunchale.com\/landing\/wp-json\/wp\/v2\/users\/2"}],"replies":[{"embeddable":true,"href":"https:\/\/www.radiodigitaltamazunchale.com\/landing\/wp-json\/wp\/v2\/comments?post=14856"}],"version-history":[{"count":1,"href":"https:\/\/www.radiodigitaltamazunchale.com\/landing\/wp-json\/wp\/v2\/posts\/14856\/revisions"}],"predecessor-version":[{"id":14858,"href":"https:\/\/www.radiodigitaltamazunchale.com\/landing\/wp-json\/wp\/v2\/posts\/14856\/revisions\/14858"}],"wp:featuredmedia":[{"embeddable":true,"href":"https:\/\/www.radiodigitaltamazunchale.com\/landing\/wp-json\/wp\/v2\/media\/14857"}],"wp:attachment":[{"href":"https:\/\/www.radiodigitaltamazunchale.com\/landing\/wp-json\/wp\/v2\/media?parent=14856"}],"wp:term":[{"taxonomy":"category","embeddable":true,"href":"https:\/\/www.radiodigitaltamazunchale.com\/landing\/wp-json\/wp\/v2\/categories?post=14856"},{"taxonomy":"post_tag","embeddable":true,"href":"https:\/\/www.radiodigitaltamazunchale.com\/landing\/wp-json\/wp\/v2\/tags?post=14856"}],"curies":[{"name":"wp","href":"https:\/\/api.w.org\/{rel}","templated":true}]}}