{"id":14867,"date":"2018-09-14T13:28:13","date_gmt":"2018-09-14T19:28:13","guid":{"rendered":"http:\/\/www.radiodigitaltamazunchale.com\/landing\/?p=14867"},"modified":"2018-09-14T13:28:13","modified_gmt":"2018-09-14T19:28:13","slug":"ayuntamiento-inicia-las-actividades-culturales-de-independencia","status":"publish","type":"post","link":"https:\/\/www.radiodigitaltamazunchale.com\/landing\/uncategorized\/ayuntamiento-inicia-las-actividades-culturales-de-independencia\/","title":{"rendered":"AYUNTAMIENTO INICIA LAS ACTIVIDADES CULTURALES DE INDEPENDENCIA"},"content":{"rendered":"<p>A\u00fan con algo de lluvia iniciaron las actividades art\u00edsticas y culturales que prepar\u00f3 el Ayuntamiento de Tamazunchale a trav\u00e9s de la Casa de la Cultura con motivo de la celebraci\u00f3n de las fiestas patrias, iniciando con la exposici\u00f3n de pinturas de ni\u00f1os y j\u00f3venes con autismo en el Kiosco Municipal y con la participaci\u00f3n del Ballet Folkl\u00f3rico Huastecos de Coraz\u00f3n.<\/p>\n<p>A\u00fan con la llovizna que empezaba a amenazar, los ni\u00f1os y j\u00f3venes estudiantes del taller de pintura de la Casa de la Cultura ten\u00edan listos sus trabajos en el kiosco del jard\u00edn Ju\u00e1rez para mostr\u00e1rselos a quienes se acercaron para admirar el talento que surge de la imaginaci\u00f3n y las manos de tan talentosos estudiantes.<\/p>\n<p>M\u00e1s tarde, en el Foro al Aire Libre, los j\u00f3venes del ballet folkl\u00f3rico \u201cHuastecos de Coraz\u00f3n\u201d decidieron no posponer su presentaci\u00f3n y complacer a su p\u00fablico que a\u00fan con sombrillas y resguardados en el kiosco, disfrutaron de las estampas mexicanas que presentaron ataviados en coloridos trajes y zapateando al son de la m\u00fasica mexicana.<\/p>\n<p>Para el d\u00eda de hoy se estar\u00e1 presentando m\u00fasica con mariachi, el Ballet Folkl\u00f3rico de la Huasteca y el tr\u00edo Boleroman\u00eda que le seguir\u00e1n poniendo sabor a las noches mexicanas en el Foro al Aire Libre del jard\u00edn Ju\u00e1rez a partir de las 7:00 pm. El director de la Casa de Cultura hizo patente la invitaci\u00f3n a la ciudadan\u00eda a que disfrute de estas actividades y que asistan a la gran noche del grito donde se estar\u00e1n presentando actividades culturales y la presentaci\u00f3n estelar de la Banda la Bufadora de Jerez Zacatecas en un gran baile para todos los asistentes.<\/p>\n","protected":false},"excerpt":{"rendered":"<p>A\u00fan con algo de lluvia iniciaron las actividades art\u00edsticas y culturales que prepar\u00f3 el Ayuntamiento de Tamazunchale a trav\u00e9s de<\/p>\n","protected":false},"author":2,"featured_media":14868,"comment_status":"open","ping_status":"open","sticky":false,"template":"","format":"standard","meta":[],"categories":[1],"tags":[],"_links":{"self":[{"href":"https:\/\/www.radiodigitaltamazunchale.com\/landing\/wp-json\/wp\/v2\/posts\/14867"}],"collection":[{"href":"https:\/\/www.radiodigitaltamazunchale.com\/landing\/wp-json\/wp\/v2\/posts"}],"about":[{"href":"https:\/\/www.radiodigitaltamazunchale.com\/landing\/wp-json\/wp\/v2\/types\/post"}],"author":[{"embeddable":true,"href":"https:\/\/www.radiodigitaltamazunchale.com\/landing\/wp-json\/wp\/v2\/users\/2"}],"replies":[{"embeddable":true,"href":"https:\/\/www.radiodigitaltamazunchale.com\/landing\/wp-json\/wp\/v2\/comments?post=14867"}],"version-history":[{"count":1,"href":"https:\/\/www.radiodigitaltamazunchale.com\/landing\/wp-json\/wp\/v2\/posts\/14867\/revisions"}],"predecessor-version":[{"id":14869,"href":"https:\/\/www.radiodigitaltamazunchale.com\/landing\/wp-json\/wp\/v2\/posts\/14867\/revisions\/14869"}],"wp:featuredmedia":[{"embeddable":true,"href":"https:\/\/www.radiodigitaltamazunchale.com\/landing\/wp-json\/wp\/v2\/media\/14868"}],"wp:attachment":[{"href":"https:\/\/www.radiodigitaltamazunchale.com\/landing\/wp-json\/wp\/v2\/media?parent=14867"}],"wp:term":[{"taxonomy":"category","embeddable":true,"href":"https:\/\/www.radiodigitaltamazunchale.com\/landing\/wp-json\/wp\/v2\/categories?post=14867"},{"taxonomy":"post_tag","embeddable":true,"href":"https:\/\/www.radiodigitaltamazunchale.com\/landing\/wp-json\/wp\/v2\/tags?post=14867"}],"curies":[{"name":"wp","href":"https:\/\/api.w.org\/{rel}","templated":true}]}}