{"id":14915,"date":"2018-09-14T12:11:11","date_gmt":"2018-09-14T18:11:11","guid":{"rendered":"http:\/\/www.radiodigitaltamazunchale.com\/landing\/?p=14915"},"modified":"2018-09-15T12:34:21","modified_gmt":"2018-09-15T18:34:21","slug":"diputado-impulsara-programa-de-austeridad-y-reduccion-de-presupuesto-del-poder-legislativo","status":"publish","type":"post","link":"https:\/\/www.radiodigitaltamazunchale.com\/landing\/uncategorized\/diputado-impulsara-programa-de-austeridad-y-reduccion-de-presupuesto-del-poder-legislativo\/","title":{"rendered":"DIPUTADO IMPULSARA PROGRAMA DE AUSTERIDAD Y REDUCCI\u00d3N DE PRESUPUESTO DEL PODER LEGISLATIVO"},"content":{"rendered":"<p>El diputado Edson de Jes\u00fas Quintanar, coordinador de la Fracci\u00f3n Parlamentaria de MORENA, indic\u00f3 que desde la Junta de Coordinaci\u00f3n Pol\u00edtica (JUCOPO) del Congreso del Estado, se impulsar\u00e1 un programa de austeridad y reducir el presupuesto del Poder Legislativo.<\/p>\n<p>Se\u00f1al\u00f3 que el ser el diputado m\u00e1s joven de la LXII Legislatura no ser\u00e1 impedimento para sacar adelante los temas que se coloquen en la agenda legislativa.<\/p>\n<p>Agreg\u00f3 que responder\u00e1 al compromiso con la ciudadan\u00eda para impulsar temas que sean de beneficio social, y que permitan dar resultados a las demandas ciudadanas.<\/p>\n<p>\u201cVa a haber una responsabilidad con el pueblo; creo que es una oportunidad que nos est\u00e1n dando, no solamente a pol\u00edticos tradicionales sino a una clase de pol\u00edticos nuevos, una nueva generaci\u00f3n de pol\u00edticos que nacimos desde el pueblo, y nos vamos a quedar con ustedes\u201d.<\/p>\n<p>Manifest\u00f3 que aprovechar\u00e1 su formaci\u00f3n como Licenciado en Derecho y los diplomados en Gobernabilidad y Pol\u00edticas P\u00fablicas con que cuenta para impulsar iniciativas y fortalecer la legislaci\u00f3n.<\/p>\n<p>Indic\u00f3 que se estar\u00e1 al pendiente de la posible aprobaci\u00f3n en la C\u00e1mara de Diputados de la iniciativa de Ley de Austeridad Republicana que fue presentada hace un par de d\u00edas, as\u00ed como la aplicaci\u00f3n de la Ley Federal de Remuneraciones recientemente aprobada.<\/p>\n<p>\u201cVamos a impulsar la austeridad, (en el Congreso del Estado) vamos a quitar los privilegios y gastos irresponsables y un recorte presupuestal, tenemos que ponernos de acuerdo como va a aplicar la ley de austeridad y fomentarla en San Luis Potos\u00ed vamos a adecuarla<\/p>\n","protected":false},"excerpt":{"rendered":"<p>El diputado Edson de Jes\u00fas Quintanar, coordinador de la Fracci\u00f3n Parlamentaria de MORENA, indic\u00f3 que desde la Junta de Coordinaci\u00f3n<\/p>\n","protected":false},"author":2,"featured_media":14916,"comment_status":"open","ping_status":"open","sticky":false,"template":"","format":"standard","meta":[],"categories":[1],"tags":[],"_links":{"self":[{"href":"https:\/\/www.radiodigitaltamazunchale.com\/landing\/wp-json\/wp\/v2\/posts\/14915"}],"collection":[{"href":"https:\/\/www.radiodigitaltamazunchale.com\/landing\/wp-json\/wp\/v2\/posts"}],"about":[{"href":"https:\/\/www.radiodigitaltamazunchale.com\/landing\/wp-json\/wp\/v2\/types\/post"}],"author":[{"embeddable":true,"href":"https:\/\/www.radiodigitaltamazunchale.com\/landing\/wp-json\/wp\/v2\/users\/2"}],"replies":[{"embeddable":true,"href":"https:\/\/www.radiodigitaltamazunchale.com\/landing\/wp-json\/wp\/v2\/comments?post=14915"}],"version-history":[{"count":1,"href":"https:\/\/www.radiodigitaltamazunchale.com\/landing\/wp-json\/wp\/v2\/posts\/14915\/revisions"}],"predecessor-version":[{"id":14917,"href":"https:\/\/www.radiodigitaltamazunchale.com\/landing\/wp-json\/wp\/v2\/posts\/14915\/revisions\/14917"}],"wp:featuredmedia":[{"embeddable":true,"href":"https:\/\/www.radiodigitaltamazunchale.com\/landing\/wp-json\/wp\/v2\/media\/14916"}],"wp:attachment":[{"href":"https:\/\/www.radiodigitaltamazunchale.com\/landing\/wp-json\/wp\/v2\/media?parent=14915"}],"wp:term":[{"taxonomy":"category","embeddable":true,"href":"https:\/\/www.radiodigitaltamazunchale.com\/landing\/wp-json\/wp\/v2\/categories?post=14915"},{"taxonomy":"post_tag","embeddable":true,"href":"https:\/\/www.radiodigitaltamazunchale.com\/landing\/wp-json\/wp\/v2\/tags?post=14915"}],"curies":[{"name":"wp","href":"https:\/\/api.w.org\/{rel}","templated":true}]}}