{"id":14940,"date":"2018-09-16T12:08:13","date_gmt":"2018-09-16T18:08:13","guid":{"rendered":"http:\/\/www.radiodigitaltamazunchale.com\/landing\/?p=14940"},"modified":"2018-09-16T12:08:13","modified_gmt":"2018-09-16T18:08:13","slug":"con-desfile-conmemoran-ciudadanos-208-anos-del-inicio-de-la-guerra-de-independencia","status":"publish","type":"post","link":"https:\/\/www.radiodigitaltamazunchale.com\/landing\/uncategorized\/con-desfile-conmemoran-ciudadanos-208-anos-del-inicio-de-la-guerra-de-independencia\/","title":{"rendered":"CON DESFILE CONMEMORAN CIUDADANOS 208 A\u00d1OS DEL INICIO DE LA GUERRA DE INDEPENDENCIA"},"content":{"rendered":"<p>&nbsp;<\/p>\n<ul>\n<li><b>El Presidente Municipal, Cabildo y funcionarios encabezaron el desfile por el inicio de la Independencia de M\u00e9xico.<\/b><\/li>\n<\/ul>\n<p>&nbsp;<\/p>\n<p><span style=\"font-weight: 400;\">En punto de las 8:00 de la ma\u00f1ana dio inicio el desfile conmemorativo del 208 Aniversario de la Independencia de M\u00e9xico, organizado por el Ayuntamiento de Tamazunchale y la Escuela Secundaria \u201cJusto Sierra M\u00e9ndez\u201d, en el cual estuvieron presentes el Presidente muncipal y los miembros del gabinete quienes encabezaron el contingente.<\/span><\/p>\n<p><span style=\"font-weight: 400;\">Como cada a\u00f1o las instituciones educativas hicieron gala de su orden, respeto y coordinaci\u00f3n para este tipo de eventos c\u00edvicos que refuerzan el esp\u00edritu patrio de la ciudadan\u00eda y las nuevas generaciones, quienes acompa\u00f1ados de sus escoltas y bandas de guerra mostraron civilidad ante los tamazunchalenses que, desde las banquetas y de los balcones de sus hogares y negocios, disfrutaron de este gran evento.<\/span><\/p>\n<p><span style=\"font-weight: 400;\">En el desfile se cont\u00f3 con la presencia de elementos del Ej\u00e9rcito Nacional, Polic\u00eda Estatal, Polic\u00eda Municipal, de los alumnos de las secundarias de la cabecera y de los niveles medio superior y superior, adem\u00e1s de las diferentes organizaciones ciudadanas como los grupos de charros, motociclistas, autom\u00f3viles y las corporaciones de atenci\u00f3n a la ciudadan\u00eda como el H. Cuerpo de Bomberos.<\/span><\/p>\n<p><span style=\"font-weight: 400;\">Frente a Palacio Municipal los contingentes hicieron los respectivos honores a la bandera, lugar al que arribaron ciudadanos para disfrutar de este evento c\u00edvico que conmemora los 208 a\u00f1os del inicio de la Guerra de Independencia, que trajo patria y libertad a los mexicanos.<\/span><\/p>\n<p>&nbsp;<\/p>\n","protected":false},"excerpt":{"rendered":"<p>&nbsp; El Presidente Municipal, Cabildo y funcionarios encabezaron el desfile por el inicio de la Independencia de M\u00e9xico. &nbsp; En<\/p>\n","protected":false},"author":2,"featured_media":14941,"comment_status":"open","ping_status":"open","sticky":false,"template":"","format":"standard","meta":[],"categories":[1],"tags":[],"_links":{"self":[{"href":"https:\/\/www.radiodigitaltamazunchale.com\/landing\/wp-json\/wp\/v2\/posts\/14940"}],"collection":[{"href":"https:\/\/www.radiodigitaltamazunchale.com\/landing\/wp-json\/wp\/v2\/posts"}],"about":[{"href":"https:\/\/www.radiodigitaltamazunchale.com\/landing\/wp-json\/wp\/v2\/types\/post"}],"author":[{"embeddable":true,"href":"https:\/\/www.radiodigitaltamazunchale.com\/landing\/wp-json\/wp\/v2\/users\/2"}],"replies":[{"embeddable":true,"href":"https:\/\/www.radiodigitaltamazunchale.com\/landing\/wp-json\/wp\/v2\/comments?post=14940"}],"version-history":[{"count":1,"href":"https:\/\/www.radiodigitaltamazunchale.com\/landing\/wp-json\/wp\/v2\/posts\/14940\/revisions"}],"predecessor-version":[{"id":14942,"href":"https:\/\/www.radiodigitaltamazunchale.com\/landing\/wp-json\/wp\/v2\/posts\/14940\/revisions\/14942"}],"wp:featuredmedia":[{"embeddable":true,"href":"https:\/\/www.radiodigitaltamazunchale.com\/landing\/wp-json\/wp\/v2\/media\/14941"}],"wp:attachment":[{"href":"https:\/\/www.radiodigitaltamazunchale.com\/landing\/wp-json\/wp\/v2\/media?parent=14940"}],"wp:term":[{"taxonomy":"category","embeddable":true,"href":"https:\/\/www.radiodigitaltamazunchale.com\/landing\/wp-json\/wp\/v2\/categories?post=14940"},{"taxonomy":"post_tag","embeddable":true,"href":"https:\/\/www.radiodigitaltamazunchale.com\/landing\/wp-json\/wp\/v2\/tags?post=14940"}],"curies":[{"name":"wp","href":"https:\/\/api.w.org\/{rel}","templated":true}]}}