{"id":16644,"date":"2018-10-31T14:23:15","date_gmt":"2018-10-31T20:23:15","guid":{"rendered":"http:\/\/www.radiodigitaltamazunchale.com\/landing\/?p=16644"},"modified":"2018-10-31T14:23:15","modified_gmt":"2018-10-31T20:23:15","slug":"presenta-diputado-oscar-vera-iniciativa-para-que-todos-los-vehiculos-esten-asegurados-contra-danos-a-terceros","status":"publish","type":"post","link":"https:\/\/www.radiodigitaltamazunchale.com\/landing\/uncategorized\/presenta-diputado-oscar-vera-iniciativa-para-que-todos-los-vehiculos-esten-asegurados-contra-danos-a-terceros\/","title":{"rendered":"PRESENTA DIPUTADO OSCAR VERA INICIATIVA PARA QUE TODOS LOS VEHICULOS ESTEN ASEGURADOS CONTRA DA\u00d1OS A TERCEROS"},"content":{"rendered":"<p id=\"E235\" class=\"qowt-stl-Normal\"><span id=\"E236\" class=\"qowt-font4-Verdana\">ES UNA REFORMA A LA LEY DE TRANSITO DEL ESTADO<\/span><\/p>\n<p id=\"E239\" class=\"qowt-stl-Normal\"><span id=\"E240\" class=\"qowt-font4-Verdana\">El diputado Oscar Vera F\u00e1bregat present\u00f3 una iniciativa con proyecto de decreto para reformar la Ley de Tr\u00e1nsito del Estado de San Luis Potos\u00ed, para que <\/span><span id=\"E241\" class=\"qowt-font4-Verdana\">todos los veh\u00edculos que transiten en v\u00edas, caminos y puentes <\/span><span id=\"E242\" class=\"qowt-font4-Verdana\">del estado, tengan<\/span><span id=\"E243\" class=\"qowt-font4-Verdana\"> un seguro que garantice a terceros los da\u00f1os que pudieren<\/span><span id=\"E244\" class=\"qowt-font4-Verdana\"> <\/span><span id=\"E245\" class=\"qowt-font4-Verdana\">ocasionarse en sus bienes y personas por la conducci\u00f3n del veh\u00edculos.<\/span><\/p>\n<p id=\"E247\" class=\"qowt-stl-Normal\"><span id=\"E248\" class=\"qowt-font4-Verdana\">A<\/span><span id=\"E249\" class=\"qowt-font4-Verdana\">dem\u00e1s,<\/span><span id=\"E250\" class=\"qowt-font4-Verdana\"> faculta<\/span><span id=\"E251\" class=\"qowt-font4-Verdana\"> a la autoridad competente <\/span><span id=\"E252\" class=\"qowt-font4-Verdana\">a <\/span><span id=\"E253\" class=\"qowt-font4-Verdana\">establecer un monto m\u00ednimo de cobertura<\/span><span id=\"E254\" class=\"qowt-font4-Verdana\"> <\/span><span id=\"E255\" class=\"qowt-font4-Verdana\">de la p\u00f3liza de seguro<\/span><span id=\"E256\" class=\"qowt-font4-Verdana\">; <\/span><span id=\"E257\" class=\"qowt-font4-Verdana\">por ning\u00fan motivo se podr\u00e1 obligar a<\/span><span id=\"E258\" class=\"qowt-font4-Verdana\"> <\/span><span id=\"E259\" class=\"qowt-font4-Verdana\">los propietarios de veh\u00edculos a que contraten el seguro con alguna instituci\u00f3n de<\/span><span id=\"E260\" class=\"qowt-font4-Verdana\"> <\/span><span id=\"E261\" class=\"qowt-font4-Verdana\">seguros espec\u00edfica, y que<\/span><span id=\"E262\" class=\"qowt-font4-Verdana\">,<\/span><span id=\"E263\" class=\"qowt-font4-Verdana\"> para el caso de <\/span><span id=\"E264\" class=\"qowt-font4-Verdana\">que no tengan<\/span><span id=\"E265\" class=\"qowt-font4-Verdana\"> seguro, ser\u00e1 acreedor de una multa de cincuenta veces la Unidad de Medida y<\/span><span id=\"E266\" class=\"qowt-font4-Verdana\"> <\/span><span id=\"E267\" class=\"qowt-font4-Verdana\">Actualizaci\u00f3n. <\/span><\/p>\n<p id=\"E269\" class=\"qowt-stl-Normal\"><span id=\"E270\" class=\"qowt-font4-Verdana\">En caso de reincidencia, la autoridad competente podr\u00e1 imponer una<\/span><span id=\"E271\" class=\"qowt-font4-Verdana\"> <\/span><span id=\"E272\" class=\"qowt-font4-Verdana\">multa equivalente hasta el doble de la cuant\u00eda se\u00f1alada<\/span><span id=\"E273\" class=\"qowt-font4-Verdana\">.<\/span><\/p>\n<p id=\"E275\" class=\"qowt-stl-Normal\"><span id=\"E276\" class=\"qowt-font4-Verdana\">El legislador Vera F\u00e1bregat dijo que s<\/span><span id=\"E277\" class=\"qowt-font4-Verdana\">eg\u00fan datos de la Comisi\u00f3n Nacional para la Protecci\u00f3n y Defensa de los Usuarios de<\/span><span id=\"E278\" class=\"qowt-font4-Verdana\"> <\/span><span id=\"E279\" class=\"qowt-font4-Verdana\">Servicios Financieros (CONDUSEF)<\/span><span id=\"E280\" class=\"qowt-font4-Verdana\">, <\/span><span id=\"E281\" class=\"qowt-font4-Verdana\">en M\u00e9xico, cerca del 70 % de los autos no <\/span><span id=\"E282\" class=\"qowt-font4-Verdana\">tienen <\/span><span id=\"E283\" class=\"qowt-font4-Verdana\">seguro<\/span><span id=\"E284\" class=\"qowt-font4-Verdana\">, lo que es una<\/span><span id=\"E285\" class=\"qowt-font4-Verdana\"> cifra alarmante<\/span><span id=\"E286\" class=\"qowt-font4-Verdana\">.<\/span><\/p>\n<p id=\"E288\" class=\"qowt-stl-Normal\"><span id=\"E289\" class=\"qowt-font4-Verdana\">U<\/span><span id=\"E290\" class=\"qowt-font4-Verdana\">n accidente automovil\u00edstico no s\u00f3lo impacta en la econom\u00eda del pa\u00eds, sino<\/span><span id=\"E291\" class=\"qowt-font4-Verdana\"> <\/span><span id=\"E292\" class=\"qowt-font4-Verdana\">tambi\u00e9n del bolsillo de las personas que se ven inmersas en un siniestro s\u00fabito.<\/span><\/p>\n<p id=\"E294\" class=\"qowt-stl-Normal\"><span id=\"E295\" class=\"qowt-font4-Verdana\">Estimaciones de la Asociaci\u00f3n Mexicana de Instituciones de Seguros <\/span><\/p>\n<p class=\"qowt-stl-Normal\"><span class=\"qowt-font4-Verdana\">(AMIS)<\/span><span id=\"E296\" class=\"qowt-font4-Verdana\">, <\/span><span id=\"E297\" class=\"qowt-font4-Verdana\">indican que<\/span><span id=\"E298\" class=\"qowt-font4-Verdana\"> <\/span><span id=\"E299\" class=\"qowt-font4-Verdana\">una indemnizaci\u00f3n por muerte puede oscilar entr<\/span><span id=\"E300\" class=\"qowt-font4-Verdana\">e <\/span><\/p>\n<p id=\"E303\" class=\"qowt-stl-Normal\"><span id=\"E304\" class=\"qowt-font4-Verdana\">los 300,000 y hasta los 3\u2019<\/span><span id=\"E305\" class=\"qowt-font4-Verdana\">000,000<\/span><span id=\"E306\" class=\"qowt-font4-Verdana\"> <\/span><span id=\"E307\" class=\"qowt-font4-Verdana\">de pesos; por lo que un seguro puede ser un respaldo para afrontar un gasto inesperado,<\/span><span id=\"E308\" class=\"qowt-font4-Verdana\"> <\/span><span id=\"E309\" class=\"qowt-font4-Verdana\">como un accidente vehicular.<\/span><\/p>\n<p id=\"E311\" class=\"qowt-stl-Normal\"><span id=\"E312\" class=\"qowt-font4-Verdana\">San<\/span><span id=\"E313\" class=\"qowt-font4-Verdana\"> Luis Potos\u00ed, es una de las<\/span><span id=\"E314\" class=\"qowt-font4-Verdana\"> veinte entidades del pa\u00eds donde es<\/span><span id=\"E315\" class=\"qowt-font4-Verdana\"> <\/span><span id=\"E316\" class=\"qowt-font4-Verdana\">obligatorio <\/span><span id=\"E317\" class=\"qowt-font4-Verdana\">tener<\/span><span id=\"E318\" class=\"qowt-font4-Verdana\"> una p\u00f3liza vehicular. <\/span><span id=\"E319\" class=\"qowt-font4-Verdana\">D<\/span><span id=\"E320\" class=\"qowt-font4-Verdana\">e acuerdo con el art\u00edculo 29 de<\/span><span id=\"E321\" class=\"qowt-font4-Verdana\"> <\/span><span id=\"E322\" class=\"qowt-font4-Verdana\">la Ley de Tr\u00e1nsito del Estado de San Lui<\/span><span id=\"E323\" class=\"qowt-font4-Verdana\">s Potos\u00ed, seg\u00fan la reforma del <\/span><span id=\"E324\" class=\"qowt-font4-Verdana\">7 de octubre de<\/span><span id=\"E325\" class=\"qowt-font4-Verdana\"> <\/span><span id=\"E326\" class=\"qowt-font4-Verdana\">2017, publicada en el Peri\u00f3dico Oficial <\/span><span id=\"E327\" class=\"qowt-font4-Verdana\">del Estado de San Luis Potos\u00ed, t<\/span><span id=\"E328\" class=\"qowt-font4-Verdana\">odos los veh\u00edculos<\/span><span id=\"E329\" class=\"qowt-font4-Verdana\"> <\/span><span id=\"E330\" class=\"qowt-font4-Verdana\">de motor sin excepci\u00f3n alguna, para que puedan circular en las v\u00edas p\u00fablicas del Estado,<\/span><span id=\"E331\" class=\"qowt-font4-Verdana\"> <\/span><span id=\"E332\" class=\"qowt-font4-Verdana\">deber\u00e1n contar con p\u00f3liza expedida por la instituci\u00f3n de seguros autorizada por la<\/span><span id=\"E333\" class=\"qowt-font4-Verdana\"> <\/span><span id=\"E334\" class=\"qowt-font4-Verdana\">Comisi\u00f3n Nacional de Seguros y Fianzas, que garantice a terceros los da\u00f1os que pudieren<\/span><span id=\"E335\" class=\"qowt-font4-Verdana\"> <\/span><span id=\"E336\" class=\"qowt-font4-Verdana\">ocasionarse en sus bienes y personas por la conducci\u00f3n del veh\u00edculo. <\/span><\/p>\n<p id=\"E338\" class=\"qowt-stl-Normal\"><span id=\"E339\" class=\"qowt-font4-Verdana\">Si los conductores<\/span><span id=\"E340\" class=\"qowt-font4-Verdana\"> <\/span><span id=\"E341\" class=\"qowt-font4-Verdana\">sufren alg\u00fan accidente vial y \u00e9ste no cuenta con su seguro vigente, se har\u00e1 acreedor a la<\/span><span id=\"E342\" class=\"qowt-font4-Verdana\"> <\/span><span id=\"E343\" class=\"qowt-font4-Verdana\">multa que establezca la autoridad competente en el reglamento respectivo.<\/span><\/p>\n<p id=\"E345\" class=\"qowt-stl-Normal\"><span id=\"E346\" class=\"qowt-font4-Verdana\">El legislador Vera F\u00e1bregat dijo que <\/span><span id=\"E347\" class=\"qowt-font4-Verdana\">la iniciativa tiene por objeto establecer que todos los veh\u00edculos que<\/span><span id=\"E348\" class=\"qowt-font4-Verdana\"> <\/span><span id=\"E349\" class=\"qowt-font4-Verdana\">transiten en v\u00edas, caminos y puentes del Estado de San Luis Potos\u00ed, deber\u00e1n contar con<\/span><span id=\"E350\" class=\"qowt-font4-Verdana\"> <\/span><span id=\"E351\" class=\"qowt-font4-Verdana\">un seguro que garantice a terceros los da\u00f1os que pudieren ocasionarse en sus bienes y<\/span><span id=\"E352\" class=\"qowt-font4-Verdana\"> <\/span><span id=\"E353\" class=\"qowt-font4-Verdana\">personas por la conducci\u00f3n del veh\u00edculos. Pero adem\u00e1s, se autoriza a la autoridad<\/span><span id=\"E354\" class=\"qowt-font4-Verdana\"> <\/span><span id=\"E355\" class=\"qowt-font4-Verdana\">competente para establecer un monto m\u00ednimo de cobertura de la p\u00f3liza de seguro.<\/span><\/p>\n","protected":false},"excerpt":{"rendered":"<p>ES UNA REFORMA A LA LEY DE TRANSITO DEL ESTADO El diputado Oscar Vera F\u00e1bregat present\u00f3 una iniciativa con proyecto<\/p>\n","protected":false},"author":2,"featured_media":16645,"comment_status":"open","ping_status":"open","sticky":false,"template":"","format":"standard","meta":[],"categories":[1],"tags":[],"_links":{"self":[{"href":"https:\/\/www.radiodigitaltamazunchale.com\/landing\/wp-json\/wp\/v2\/posts\/16644"}],"collection":[{"href":"https:\/\/www.radiodigitaltamazunchale.com\/landing\/wp-json\/wp\/v2\/posts"}],"about":[{"href":"https:\/\/www.radiodigitaltamazunchale.com\/landing\/wp-json\/wp\/v2\/types\/post"}],"author":[{"embeddable":true,"href":"https:\/\/www.radiodigitaltamazunchale.com\/landing\/wp-json\/wp\/v2\/users\/2"}],"replies":[{"embeddable":true,"href":"https:\/\/www.radiodigitaltamazunchale.com\/landing\/wp-json\/wp\/v2\/comments?post=16644"}],"version-history":[{"count":1,"href":"https:\/\/www.radiodigitaltamazunchale.com\/landing\/wp-json\/wp\/v2\/posts\/16644\/revisions"}],"predecessor-version":[{"id":16646,"href":"https:\/\/www.radiodigitaltamazunchale.com\/landing\/wp-json\/wp\/v2\/posts\/16644\/revisions\/16646"}],"wp:featuredmedia":[{"embeddable":true,"href":"https:\/\/www.radiodigitaltamazunchale.com\/landing\/wp-json\/wp\/v2\/media\/16645"}],"wp:attachment":[{"href":"https:\/\/www.radiodigitaltamazunchale.com\/landing\/wp-json\/wp\/v2\/media?parent=16644"}],"wp:term":[{"taxonomy":"category","embeddable":true,"href":"https:\/\/www.radiodigitaltamazunchale.com\/landing\/wp-json\/wp\/v2\/categories?post=16644"},{"taxonomy":"post_tag","embeddable":true,"href":"https:\/\/www.radiodigitaltamazunchale.com\/landing\/wp-json\/wp\/v2\/tags?post=16644"}],"curies":[{"name":"wp","href":"https:\/\/api.w.org\/{rel}","templated":true}]}}