{"id":16672,"date":"2018-11-01T14:05:40","date_gmt":"2018-11-01T20:05:40","guid":{"rendered":"http:\/\/www.radiodigitaltamazunchale.com\/landing\/?p=16672"},"modified":"2018-11-01T14:05:40","modified_gmt":"2018-11-01T20:05:40","slug":"secretaria-de-cultura-invita-a-las-actividades-por-la-festividad-del-dia-de-muertos","status":"publish","type":"post","link":"https:\/\/www.radiodigitaltamazunchale.com\/landing\/uncategorized\/secretaria-de-cultura-invita-a-las-actividades-por-la-festividad-del-dia-de-muertos\/","title":{"rendered":"SECRETAR\u00cdA DE CULTURA INVITA A LAS ACTIVIDADES POR LA FESTIVIDAD DEL  D\u00cdA DE MUERTOS"},"content":{"rendered":"<p>Con motivo de promover nuestra cultura y tradiciones mexicanas, la Secretar\u00eda de Cultura, a trav\u00e9s de sus diferentes organismos te invitan a visitar las exposiciones temporales y actividades relacionadas al D\u00eda de Muertos, as\u00ed como sus altares.<\/p>\n<p>En primer lugar, el\u00a0Museo Nacional de la M\u00e1scara\u00a0tendr\u00e1 abierto a todo p\u00fablico su altar de muertos en el patio central, con vigencia hasta el 4 de noviembre. Adem\u00e1s, habr\u00e1 una lectura de textos llamada\u00a0\u201cLa muerte para los vivos\u201c\u00a0por Mart\u00edn Ca\u00f1as Rodr\u00edguez el d\u00eda primero de noviembre a las 12:00 horas, as\u00ed como el altar de muertos de Funerales Hern\u00e1ndez en la explanada del Museo, dedicado al \u00eddolo de M\u00e9xico Pedro Infante, con vigencia al 5 de noviembre.<\/p>\n<p>El\u00a0Museo del Virreinato\u00a0cuenta con un altar de muertos\u00a0 que estar\u00e1 en exposici\u00f3n hasta el d\u00eda 4 de noviembre. El\u00a0Museo Federico Silva\u00a0tendr\u00e1 su altar de muertos y la funci\u00f3n\u00a0 de cine matin\u00e9 con la pel\u00edcula\u00a0Coco\u00a0el domingo a las 12:00 horas. Por su parte, el\u00a0Museo del Ferrocarril\u00a0invita a la inauguraci\u00f3n de su altar el d\u00eda primero a las 12:30 pm. A las 19:30 tambi\u00e9n inauguran la exposici\u00f3n \u201cLa Catrina y unos cuates\u201d y\u00a0el viernes 2 se presenta elBallet Folkl\u00f3rico \u201cTlalzintoka\u201d\u00a0al mediod\u00eda; y a las 18:00 horas el\u00a0Concierto Coral \u201cXantolo\u201d, Cantos de vida y muerte,\u00a0eventos\u00a0con entrada libre.<\/p>\n<p>El\u00a0Museo Francisco Coss\u00edo\u00a0tendr\u00e1 su tradicional exhibici\u00f3n de Altares de Muertos por parte de los estudiantes de la Universidad del Centro de M\u00e9xico, donde adem\u00e1s habr\u00e1 venta de comida; todo en el mismo punto da partir de las 19:00 horas. El altar del\u00a0Teatro de la Paz\u00a0dedicado a Oralia Dom\u00ednguez estar\u00e1 el jueves de 12:00 a 20:00 horas y el viernes de 12:00 a 18:00.<\/p>\n<p>Noche de Cine\u00a0\u201cArte en Familia\u201d\u00a0el d\u00eda 3 de noviembre a las 20:00, es lo que el\u00a0Museo de Arte Contempor\u00e1neo tiene preparado para sus visitantes.\u00a0El Instituto Potosino de Bellas Artes\u00a0(IPBA)\u00a0tiene una propuesta diferente, pues subir\u00e1n a su p\u00e1gina una Ofrenda de Muertos Virtual, en la cual toda persona que mande las fotos de sus seres queridos ser\u00e1n conmemorados en un video conmemorativo.<\/p>\n<p>Por su parte, el\u00a0Museo Laberinto de las Ciencias y las Artes\u00a0tendr\u00e1 actividades el 1 y 2 de noviembre de 11:00 a 16:00 horas. Asimismo, el viernes a las 19:30 habr\u00e1\u00a0 una Noche de Muertos y el concurso \u201cVen y mu\u00e9stranos tu Catrina\u201d;\u00a0las bases y premios del concurso se pueden consultar en las redes sociales del Museo.<\/p>\n<p>Xilitla tendr\u00e1 actividades los d\u00edas jueves, viernes y s\u00e1bado como parte de Xantolo 2018, adem\u00e1s que el\u00a0Museo Leonora Carrington\u00a0de tal municipio estar\u00e1 abierto en un horario de 11:00 a 15:00 horas. Por \u00faltimo el Altiplano potosino tendr\u00e1 actividades en el Centro Cultural Real de Catorce hasta el d\u00eda 3 de noviembre con motivo tambi\u00e9n del d\u00eda de muertos.<\/p>\n<p>Para conocer las actividades culturales que se presentan en los distintos espacios con los que cuenta la Secretar\u00eda de Cultura en San Luis Potos\u00ed, se invita al p\u00fablico a seguir las redes sociales institucionales y\/o a descargar la App para dispositivos m\u00f3viles tanto para Android como iOS.<\/p>\n<p>&nbsp;<\/p>\n<p>&nbsp;<\/p>\n","protected":false},"excerpt":{"rendered":"<p>Con motivo de promover nuestra cultura y tradiciones mexicanas, la Secretar\u00eda de Cultura, a trav\u00e9s de sus diferentes organismos te<\/p>\n","protected":false},"author":2,"featured_media":16673,"comment_status":"open","ping_status":"open","sticky":false,"template":"","format":"standard","meta":[],"categories":[1],"tags":[],"_links":{"self":[{"href":"https:\/\/www.radiodigitaltamazunchale.com\/landing\/wp-json\/wp\/v2\/posts\/16672"}],"collection":[{"href":"https:\/\/www.radiodigitaltamazunchale.com\/landing\/wp-json\/wp\/v2\/posts"}],"about":[{"href":"https:\/\/www.radiodigitaltamazunchale.com\/landing\/wp-json\/wp\/v2\/types\/post"}],"author":[{"embeddable":true,"href":"https:\/\/www.radiodigitaltamazunchale.com\/landing\/wp-json\/wp\/v2\/users\/2"}],"replies":[{"embeddable":true,"href":"https:\/\/www.radiodigitaltamazunchale.com\/landing\/wp-json\/wp\/v2\/comments?post=16672"}],"version-history":[{"count":1,"href":"https:\/\/www.radiodigitaltamazunchale.com\/landing\/wp-json\/wp\/v2\/posts\/16672\/revisions"}],"predecessor-version":[{"id":16674,"href":"https:\/\/www.radiodigitaltamazunchale.com\/landing\/wp-json\/wp\/v2\/posts\/16672\/revisions\/16674"}],"wp:featuredmedia":[{"embeddable":true,"href":"https:\/\/www.radiodigitaltamazunchale.com\/landing\/wp-json\/wp\/v2\/media\/16673"}],"wp:attachment":[{"href":"https:\/\/www.radiodigitaltamazunchale.com\/landing\/wp-json\/wp\/v2\/media?parent=16672"}],"wp:term":[{"taxonomy":"category","embeddable":true,"href":"https:\/\/www.radiodigitaltamazunchale.com\/landing\/wp-json\/wp\/v2\/categories?post=16672"},{"taxonomy":"post_tag","embeddable":true,"href":"https:\/\/www.radiodigitaltamazunchale.com\/landing\/wp-json\/wp\/v2\/tags?post=16672"}],"curies":[{"name":"wp","href":"https:\/\/api.w.org\/{rel}","templated":true}]}}