{"id":16714,"date":"2018-11-03T15:10:59","date_gmt":"2018-11-03T21:10:59","guid":{"rendered":"http:\/\/www.radiodigitaltamazunchale.com\/landing\/?p=16714"},"modified":"2018-11-03T15:10:59","modified_gmt":"2018-11-03T21:10:59","slug":"tormenta-tropical-xavier-se-fortalece-en-costas-de-colima-y-jalisco","status":"publish","type":"post","link":"https:\/\/www.radiodigitaltamazunchale.com\/landing\/uncategorized\/tormenta-tropical-xavier-se-fortalece-en-costas-de-colima-y-jalisco\/","title":{"rendered":"TORMENTA TROPICAL \u00abXAVIER\u00bb SE FORTALECE EN COSTAS DE COLIMA Y JALISCO"},"content":{"rendered":"<h2 data-userway-font-size=\"28\">-El Servicio Meteorol\u00f3gico Nacional inform\u00f3 que la tormenta tropical Xavier se localiza al suroeste de las costas de Colima y Jalisco<\/h2>\n<p data-userway-font-size=\"18\">La\u00a0<strong data-userway-font-size=\"18\">tormenta tropical Xavier<\/strong>\u00a0se fortalece mientras se desplaza hacia el este-noreste y se localiza al suroeste de las\u00a0<strong data-userway-font-size=\"18\">costas de Colima y Jalisco<\/strong>, inform\u00f3 el Servicio Meteorol\u00f3gico Nacional (SMN).<\/p>\n<p data-userway-font-size=\"18\">En su aviso de las 12:00 h, el organismo destac\u00f3 que Xavier es el primer\u00a0<strong data-userway-font-size=\"18\">cicl\u00f3n tropical<\/strong>\u00a0que alcanza la letra \u201cX\u201d desde el a\u00f1o de 1992, en la cuenca del Pac\u00edfico.<\/p>\n<div data-userway-font-size=\"18\">\n<div id=\"aniBox\" data-userway-font-size=\"18\">\n<div id=\"aniplayer_aniviewJS084c328718B\" data-userway-font-size=\"18\">\n<div id=\"aniplayer_aniviewJS084c328718Bgui\" data-userway-font-size=\"18\">\n<div id=\"av-container\" class=\" desktop hide-controls\" data-userway-font-size=\"18\">\n<div id=\"av-inner\" data-userway-font-size=\"18\">\n<div id=\"slot\" data-userway-font-size=\"18\">\n<div id=\"imgpreloader\" data-userway-font-size=\"18\">\u00a0Indic\u00f3 que el meteoro se ubica a 485 kil\u00f3metros al suroeste de\u00a0<strong data-userway-font-size=\"18\">Manzanillo<\/strong>, Colima, se desplaza al este-noreste a 13 kil\u00f3metros por hora (km\/hr) con\u00a0<strong data-userway-font-size=\"18\">vientos m\u00e1ximos sostenidos<\/strong>\u00a0de 85 km\/h y rachas de 100 km\/h.<\/div>\n<div data-userway-font-size=\"18\">\n<p data-userway-font-size=\"18\">Agreg\u00f3 que sus bandas nubosas reforzar\u00e1n el\u00a0<strong data-userway-font-size=\"18\">potencial de lluvias<\/strong>\u00a0en el occidente del pa\u00eds, por lo que inst\u00f3 a extremar precauciones a la poblaci\u00f3n en general en las zonas de los estados mencionados por lluvias, viento y oleaje.<\/p>\n<p data-userway-font-size=\"18\">Asimismo, pidi\u00f3 atender las recomendaciones emitidas por las autoridades del Sistema Nacional de\u00a0<strong data-userway-font-size=\"18\">Protecci\u00f3n Civil<\/strong>\u00a0en cada entidad.<\/p>\n<\/div>\n<\/div>\n<\/div>\n<\/div>\n<\/div>\n<\/div>\n<\/div>\n<\/div>\n","protected":false},"excerpt":{"rendered":"<p>-El Servicio Meteorol\u00f3gico Nacional inform\u00f3 que la tormenta tropical Xavier se localiza al suroeste de las costas de Colima y<\/p>\n","protected":false},"author":2,"featured_media":16715,"comment_status":"open","ping_status":"open","sticky":false,"template":"","format":"standard","meta":[],"categories":[1],"tags":[],"_links":{"self":[{"href":"https:\/\/www.radiodigitaltamazunchale.com\/landing\/wp-json\/wp\/v2\/posts\/16714"}],"collection":[{"href":"https:\/\/www.radiodigitaltamazunchale.com\/landing\/wp-json\/wp\/v2\/posts"}],"about":[{"href":"https:\/\/www.radiodigitaltamazunchale.com\/landing\/wp-json\/wp\/v2\/types\/post"}],"author":[{"embeddable":true,"href":"https:\/\/www.radiodigitaltamazunchale.com\/landing\/wp-json\/wp\/v2\/users\/2"}],"replies":[{"embeddable":true,"href":"https:\/\/www.radiodigitaltamazunchale.com\/landing\/wp-json\/wp\/v2\/comments?post=16714"}],"version-history":[{"count":1,"href":"https:\/\/www.radiodigitaltamazunchale.com\/landing\/wp-json\/wp\/v2\/posts\/16714\/revisions"}],"predecessor-version":[{"id":16716,"href":"https:\/\/www.radiodigitaltamazunchale.com\/landing\/wp-json\/wp\/v2\/posts\/16714\/revisions\/16716"}],"wp:featuredmedia":[{"embeddable":true,"href":"https:\/\/www.radiodigitaltamazunchale.com\/landing\/wp-json\/wp\/v2\/media\/16715"}],"wp:attachment":[{"href":"https:\/\/www.radiodigitaltamazunchale.com\/landing\/wp-json\/wp\/v2\/media?parent=16714"}],"wp:term":[{"taxonomy":"category","embeddable":true,"href":"https:\/\/www.radiodigitaltamazunchale.com\/landing\/wp-json\/wp\/v2\/categories?post=16714"},{"taxonomy":"post_tag","embeddable":true,"href":"https:\/\/www.radiodigitaltamazunchale.com\/landing\/wp-json\/wp\/v2\/tags?post=16714"}],"curies":[{"name":"wp","href":"https:\/\/api.w.org\/{rel}","templated":true}]}}