{"id":16719,"date":"2018-11-03T15:25:06","date_gmt":"2018-11-03T21:25:06","guid":{"rendered":"http:\/\/www.radiodigitaltamazunchale.com\/landing\/?p=16719"},"modified":"2018-11-03T15:25:06","modified_gmt":"2018-11-03T21:25:06","slug":"trump-asegura-no-dispararan-los-militares-estaunidenses-a-los-migrantes","status":"publish","type":"post","link":"https:\/\/www.radiodigitaltamazunchale.com\/landing\/uncategorized\/trump-asegura-no-dispararan-los-militares-estaunidenses-a-los-migrantes\/","title":{"rendered":"TRUMP ASEGURA NO DISPARAR\u00c1N LOS MILITARES ESTAUNIDENSES A LOS MIGRANTES"},"content":{"rendered":"<p>-El presidente de Estados Unidos ha corregido unas declaraciones anteriores en las que autorizaba a los soldados a disparar contra los migrantes centroamericanos de la caravana.<\/p>\n<p><strong>Donald Trump\u00a0<\/strong>ha aclarado que las fuerzas de seguridad desplegadas en la frontera con M\u00e9xico\u00a0<strong>no disparar\u00e1n a los migrantes centroamericanos\u00a0<\/strong>que marchan en caravana hacia Estados Unidos, corrigiendo as\u00ed unas\u00a0declaraciones anteriores en las que daba luz verde a los agentes para usar el fusil.<\/p>\n<p>El presidente de Estados Unidos hab\u00eda autorizado a los uniformados a disparar contra los migrantes si insist\u00edan en cruzar. \u00abSi quieren tirar piedras a nuestros agentes, nuestros agentes responder\u00e1n\u00bb, dijo. \u00abLes he dicho que consideren (usar) el fusil\u00bb, a\u00f1adi\u00f3.<\/p>\n<p>No obstante, asegur\u00f3 que su deseo es evitar escenas como las ocurridas en la frontera de Guatemala con M\u00e9xico, donde los migrantes lanzaron piedras y palos a la Polic\u00eda mexicana para intentar avanzar. \u00abEspero que no haga falta\u00bb, dijo.<\/p>\n<p>Interrogado nuevamente el viernes sobre este punto, Trump ha corregido. \u00ab<strong>No, no disparar\u00e1n<\/strong>\u00ab, ha asegurado. \u00abLo que les hicieron a los militares mexicanos fue una verg\u00fcenza. Les tiraron piedras y algunos resultaron heridos. Si lo hacen con nosotros, ser\u00e1n detenidos. Va a haber problemas\u00bb, ha indicado.<\/p>\n<p>Trump ha ordenado desplegar de\u00a0<strong>m\u00e1s de 5.000 militares\u00a0<\/strong>en la frontera de Estados Unidos con M\u00e9xico y ha avisado de que podr\u00edan llegar a 15.000.<\/p>\n<div id=\"SMIntext_efec_1541279778971\">\u00a0<strong>Respuesta de la ONU<\/strong><\/div>\n<p><strong>Joel Millman<\/strong>, portavoz de la Organizaci\u00f3n Internacional para las Migraciones (OIM), ha enviado un inusual mensaje a Trump: \u00abLas fronteras militarizadas no suelen disuadir a los que intentan cruzarlas\u00bb.<\/p>\n<p>Adem\u00e1s, Millman ha pedido no usar la palabra \u00abinvasi\u00f3n\u00bb para referirse a la caravana porque, aunque es m\u00e1s multitudinaria que las anteriores, \u00abno es un evento nuevo\u00bb. \u00abLlevan ocurriendo diez a\u00f1os o m\u00e1s\u00bb, ha comentado sobre los flujos migratorios desde Centroam\u00e9rica a Estados Unidos.<\/p>\n<p>Por su parte,\u00a0<strong>Babar Baloch<\/strong>, portavoz del Alto Comisionado de Naciones Unidas para los Refugiados (ACNUR), ha hecho \u00abun llamamiento a la Humanidad, a alejar estas cosas de la discusi\u00f3n pol\u00edtica\u00bb.<\/p>\n<p>Este recrudecimiento del discurso migratorio coincide con la campa\u00f1a para las elecciones parlamentarias que se celebrar\u00e1n el pr\u00f3ximo martes en Estados Unidos, en las que los republicano se juegan su hegemon\u00eda en el Congreso y que servir\u00e1n adem\u00e1s para medir la popularidad de Trump en el ecuador de su mandato.<\/p>\n","protected":false},"excerpt":{"rendered":"<p>-El presidente de Estados Unidos ha corregido unas declaraciones anteriores en las que autorizaba a los soldados a disparar contra<\/p>\n","protected":false},"author":2,"featured_media":16730,"comment_status":"open","ping_status":"open","sticky":false,"template":"","format":"standard","meta":[],"categories":[1],"tags":[],"_links":{"self":[{"href":"https:\/\/www.radiodigitaltamazunchale.com\/landing\/wp-json\/wp\/v2\/posts\/16719"}],"collection":[{"href":"https:\/\/www.radiodigitaltamazunchale.com\/landing\/wp-json\/wp\/v2\/posts"}],"about":[{"href":"https:\/\/www.radiodigitaltamazunchale.com\/landing\/wp-json\/wp\/v2\/types\/post"}],"author":[{"embeddable":true,"href":"https:\/\/www.radiodigitaltamazunchale.com\/landing\/wp-json\/wp\/v2\/users\/2"}],"replies":[{"embeddable":true,"href":"https:\/\/www.radiodigitaltamazunchale.com\/landing\/wp-json\/wp\/v2\/comments?post=16719"}],"version-history":[{"count":1,"href":"https:\/\/www.radiodigitaltamazunchale.com\/landing\/wp-json\/wp\/v2\/posts\/16719\/revisions"}],"predecessor-version":[{"id":16731,"href":"https:\/\/www.radiodigitaltamazunchale.com\/landing\/wp-json\/wp\/v2\/posts\/16719\/revisions\/16731"}],"wp:featuredmedia":[{"embeddable":true,"href":"https:\/\/www.radiodigitaltamazunchale.com\/landing\/wp-json\/wp\/v2\/media\/16730"}],"wp:attachment":[{"href":"https:\/\/www.radiodigitaltamazunchale.com\/landing\/wp-json\/wp\/v2\/media?parent=16719"}],"wp:term":[{"taxonomy":"category","embeddable":true,"href":"https:\/\/www.radiodigitaltamazunchale.com\/landing\/wp-json\/wp\/v2\/categories?post=16719"},{"taxonomy":"post_tag","embeddable":true,"href":"https:\/\/www.radiodigitaltamazunchale.com\/landing\/wp-json\/wp\/v2\/tags?post=16719"}],"curies":[{"name":"wp","href":"https:\/\/api.w.org\/{rel}","templated":true}]}}