{"id":17128,"date":"2018-11-10T14:58:14","date_gmt":"2018-11-10T20:58:14","guid":{"rendered":"http:\/\/www.radiodigitaltamazunchale.com\/landing\/?p=17128"},"modified":"2018-11-10T14:58:14","modified_gmt":"2018-11-10T20:58:14","slug":"autoridades-estatales-y-municipales-preparan-operativo-coordinado-ante-posible-llegada-de-caravana-migrante","status":"publish","type":"post","link":"https:\/\/www.radiodigitaltamazunchale.com\/landing\/uncategorized\/autoridades-estatales-y-municipales-preparan-operativo-coordinado-ante-posible-llegada-de-caravana-migrante\/","title":{"rendered":"AUTORIDADES ESTATALES Y MUNICIPALES PREPARAN OPERATIVO COORDINADO ANTE POSIBLE LLEGADA DE CARAVANA MIGRANTE"},"content":{"rendered":"<p>El Gobernador del Estado, Juan Manuel Carreras L\u00f3pez, sostuvo una reuni\u00f3n de trabajo coordinado con el Presidente Municipal de San Luis Potos\u00ed, Xavier Nava Palacios, y distintas autoridades, para establecer el operativo para atender la caravana de migrantes centroamericanos.<\/p>\n<p>Durante esta reuni\u00f3n se acordaron los distintos esquemas en coordinaci\u00f3n con instituciones\u00a0 de los\u00a0 niveles de gobierno, donde se destaca que se encuentran listos para desplegar operativos de seguridad y vigilancia, con estricto apego al respeto de los derechos humanos de las personas.<\/p>\n<p>A pesar de que algunos medios nacionales informaron de que esta caravana se dividi\u00f3, las autoridades estatales est\u00e1n listas para recibir a los migrantes que eventualmente\u00a0 recorran la entidad.<\/p>\n<p>Se estableci\u00f3 un compromiso para ofrecer seguridad, vigilancia, acompa\u00f1amiento y trato humanitario a quienes integran la caminata, durante su tr\u00e1nsito temporal por tierras potosinas, si as\u00ed sucediera.<\/p>\n<p>Participar\u00e1n elementos de la Polic\u00eda Federal, Estatal y Municipal, Protecci\u00f3n Civil, Derechos Humanos y el Instituto Nacional de Migraci\u00f3n, Delegaci\u00f3n San Luis Potos\u00ed y los diferentes servicios de emergencia, pondr\u00e1n en marcha los esquemas antes mencionados.<\/p>\n<p>En este encuentro estuvieron presentes el Secretario General de Gobierno, Alejandro Leal Tov\u00edas; Federico Garza Herrera, Fiscal General; el Secretario de Seguridad P\u00fablica del Estado, Jaime Pineda Arteaga, entre otros.<\/p>\n","protected":false},"excerpt":{"rendered":"<p>El Gobernador del Estado, Juan Manuel Carreras L\u00f3pez, sostuvo una reuni\u00f3n de trabajo coordinado con el Presidente Municipal de San<\/p>\n","protected":false},"author":2,"featured_media":17129,"comment_status":"open","ping_status":"open","sticky":false,"template":"","format":"standard","meta":[],"categories":[1],"tags":[],"_links":{"self":[{"href":"https:\/\/www.radiodigitaltamazunchale.com\/landing\/wp-json\/wp\/v2\/posts\/17128"}],"collection":[{"href":"https:\/\/www.radiodigitaltamazunchale.com\/landing\/wp-json\/wp\/v2\/posts"}],"about":[{"href":"https:\/\/www.radiodigitaltamazunchale.com\/landing\/wp-json\/wp\/v2\/types\/post"}],"author":[{"embeddable":true,"href":"https:\/\/www.radiodigitaltamazunchale.com\/landing\/wp-json\/wp\/v2\/users\/2"}],"replies":[{"embeddable":true,"href":"https:\/\/www.radiodigitaltamazunchale.com\/landing\/wp-json\/wp\/v2\/comments?post=17128"}],"version-history":[{"count":1,"href":"https:\/\/www.radiodigitaltamazunchale.com\/landing\/wp-json\/wp\/v2\/posts\/17128\/revisions"}],"predecessor-version":[{"id":17130,"href":"https:\/\/www.radiodigitaltamazunchale.com\/landing\/wp-json\/wp\/v2\/posts\/17128\/revisions\/17130"}],"wp:featuredmedia":[{"embeddable":true,"href":"https:\/\/www.radiodigitaltamazunchale.com\/landing\/wp-json\/wp\/v2\/media\/17129"}],"wp:attachment":[{"href":"https:\/\/www.radiodigitaltamazunchale.com\/landing\/wp-json\/wp\/v2\/media?parent=17128"}],"wp:term":[{"taxonomy":"category","embeddable":true,"href":"https:\/\/www.radiodigitaltamazunchale.com\/landing\/wp-json\/wp\/v2\/categories?post=17128"},{"taxonomy":"post_tag","embeddable":true,"href":"https:\/\/www.radiodigitaltamazunchale.com\/landing\/wp-json\/wp\/v2\/tags?post=17128"}],"curies":[{"name":"wp","href":"https:\/\/api.w.org\/{rel}","templated":true}]}}