{"id":2080,"date":"2016-12-06T21:14:18","date_gmt":"2016-12-06T21:14:18","guid":{"rendered":"http:\/\/www.radiodigitaltamazunchale.com\/landing\/?p=2080"},"modified":"2016-12-21T22:25:35","modified_gmt":"2016-12-21T22:25:35","slug":"jm-carrerras-inaugura-obras-educativas-en-zona-metropolitana-por-13-1-mdp","status":"publish","type":"post","link":"https:\/\/www.radiodigitaltamazunchale.com\/landing\/uncategorized\/jm-carrerras-inaugura-obras-educativas-en-zona-metropolitana-por-13-1-mdp\/","title":{"rendered":"JM CARRERRAS INAUGURA OBRAS EDUCATIVAS EN ZONA METROPOLITANA POR 13.1 MDP"},"content":{"rendered":"<p><span class=\"subtitulo\">\u2022 Tambi\u00e9n inaugur\u00f3 espacios escolares en el jard\u00edn de ni\u00f1os \u201cEstefan\u00eda Casta\u00f1eda\u201d y secundaria t\u00e9cnica No. 90, que forman parte del complejo Casa Don Bosco. <\/span><\/p>\n<p class=\"resumenNot\">El Gobernador del Estado Juan Manuel Carreras L\u00f3pez, inaugur\u00f3 obras de infraestructura educativa en dos escuelas secundarias y un jard\u00edn de ni\u00f1os, ubicados en la zona metropolitana de San Luis Potos\u00ed, con una inversi\u00f3n de 13.1 millones de pesos, lo que permite mejorar las condiciones de los espacios escolares en beneficio de las alumnas y alumnos.<\/p>\n<p>En la escuela secundaria general \u201cSentimientos de la Naci\u00f3n\u201d, ubicada en la colonia Sat\u00e9lite y en el marco de su 25 aniversario de su fundaci\u00f3n, el titular del Ejecutivo estatal acompa\u00f1ado por el secretario de Educaci\u00f3n, Joel Ram\u00edrez D\u00edaz, inauguraron un taller de electr\u00f3nica, de m\u00f3dulos sanitarios y obras exteriores, con un monto de inversi\u00f3n de 2.2 millones de pesos, en beneficio de 530 alumnos y alumnas.<\/p>\n<p>Posteriormente, en las instalaciones del complejo Casa Don Bosco, el Gobernador del Estado entreg\u00f3 obras de infraestructura en la Escuela Secundaria T\u00e9cnica No. 90 y el Jard\u00edn de Ni\u00f1os Estefan\u00eda Casta\u00f1eda, por un monto de inversi\u00f3n de 10.9 millones de pesos.<\/p>\n<p>Tambi\u00e9n en la secundaria general \u201cSentimientos de la Naci\u00f3n\u201d, tom\u00f3 protesta a los Comit\u00e9s de Prevenci\u00f3n y Seguridad Escolar de 36 escuelas de la zona Sur Oriente de la Capital, los cuales tienen como objetivo generar un ambiente de seguridad y orden en la comunidad escolar y su entorno, y encabez\u00f3 la presentaci\u00f3n del Programa #PrevenirEst\u00e1Chido, estrategia que lleva a cabo el Instituto Potosino de la Juventud, encabezado por Luis Fernando Alonso Molina, para prevenir las adicciones, embarazos en adolecentes y la violencia entre los j\u00f3venes.<\/p>\n<p>Durante su intervenci\u00f3n, el mandatario estatal pidi\u00f3 a las padres de familias ah\u00ed presentes sumarse a las tareas educativas de sus hijos e hijas desde sus casas y con ello contribuir a tener mejores ciudadanos, \u201cLa educaci\u00f3n nos involucra a todos, a los padres de familia y a la comunidad escolar, por ello es de suma importancia su participaci\u00f3n\u201d, a\u00f1adi\u00f3.<\/p>\n<p>En el complejo Don Bosco, acompa\u00f1ado por Jos\u00e9 Alfredo P\u00e9rez Ram\u00edrez \u201cT\u00edo Pepe\u201d, director general, el mandatario potosino inaugur\u00f3 las nuevas instalaciones del Jard\u00edn de Ni\u00f1os Estefan\u00eda Casta\u00f1eda, que consisti\u00f3 en 2 aulas did\u00e1cticas, servicios sanitarios, direcci\u00f3n y obras exteriores. Adem\u00e1s est\u00e1n en proceso de construcci\u00f3n 3 aulas did\u00e1cticas.<\/p>\n<p>Posteriormente, en las instalaciones de la escuela secundaria t\u00e9cnica No. 90 \u2013ubicadas tambi\u00e9n al interior de ese complejo educativo-, el mandatario estatal Carreras L\u00f3pez cort\u00f3 el list\u00f3n inaugural de la construcci\u00f3n de 9 aulas did\u00e1cticas, servicios sanitarios, administraci\u00f3n, cercado, obras exteriores y suministro de mobiliario.<\/p>\n<p>Adem\u00e1s, tom\u00f3 protesta al Consejo Escolar de Participaci\u00f3n Social de la escuela secundaria, que tiene como prop\u00f3sito fortalecer el acervo te\u00f3rico pr\u00e1ctico con que cuentan las comunidades escolares para enfrentar situaciones de riesgo, por lo que es indispensable contar con la colaboraci\u00f3n activa y responsable de madres y padres de familia o tutores, as\u00ed como del personal directivo, docente y dem\u00e1s miembros de la comunidad escolar.<\/p>\n<p>Asistieron a este evento Georgina Silva Barrag\u00e1n, directora general del Instituto Estatal de Infraestructura F\u00edsica Educativa (IEIFE); J. Jes\u00fas Santiago Cavazos Gonz\u00e1lez, director de la Escuela Secundaria T\u00e9cnica No. 90; Sandra Luz Laguna Gonz\u00e1lez, presidenta de la Asociaci\u00f3n de Padres de Familia de la Escuela Secundaria T\u00e9cnica No. 90 y Rosa Liliana Mej\u00eda Medell\u00edn, presidenta del Consejo de Participaci\u00f3n Social de la Escuela Secundaria T\u00e9cnica No. 90.<\/p>\n","protected":false},"excerpt":{"rendered":"<p>\u2022 Tambi\u00e9n inaugur\u00f3 espacios escolares en el jard\u00edn de ni\u00f1os \u201cEstefan\u00eda Casta\u00f1eda\u201d y secundaria t\u00e9cnica No. 90, que forman parte<\/p>\n","protected":false},"author":2,"featured_media":2081,"comment_status":"open","ping_status":"open","sticky":false,"template":"","format":"standard","meta":[],"categories":[1],"tags":[],"_links":{"self":[{"href":"https:\/\/www.radiodigitaltamazunchale.com\/landing\/wp-json\/wp\/v2\/posts\/2080"}],"collection":[{"href":"https:\/\/www.radiodigitaltamazunchale.com\/landing\/wp-json\/wp\/v2\/posts"}],"about":[{"href":"https:\/\/www.radiodigitaltamazunchale.com\/landing\/wp-json\/wp\/v2\/types\/post"}],"author":[{"embeddable":true,"href":"https:\/\/www.radiodigitaltamazunchale.com\/landing\/wp-json\/wp\/v2\/users\/2"}],"replies":[{"embeddable":true,"href":"https:\/\/www.radiodigitaltamazunchale.com\/landing\/wp-json\/wp\/v2\/comments?post=2080"}],"version-history":[{"count":2,"href":"https:\/\/www.radiodigitaltamazunchale.com\/landing\/wp-json\/wp\/v2\/posts\/2080\/revisions"}],"predecessor-version":[{"id":2095,"href":"https:\/\/www.radiodigitaltamazunchale.com\/landing\/wp-json\/wp\/v2\/posts\/2080\/revisions\/2095"}],"wp:featuredmedia":[{"embeddable":true,"href":"https:\/\/www.radiodigitaltamazunchale.com\/landing\/wp-json\/wp\/v2\/media\/2081"}],"wp:attachment":[{"href":"https:\/\/www.radiodigitaltamazunchale.com\/landing\/wp-json\/wp\/v2\/media?parent=2080"}],"wp:term":[{"taxonomy":"category","embeddable":true,"href":"https:\/\/www.radiodigitaltamazunchale.com\/landing\/wp-json\/wp\/v2\/categories?post=2080"},{"taxonomy":"post_tag","embeddable":true,"href":"https:\/\/www.radiodigitaltamazunchale.com\/landing\/wp-json\/wp\/v2\/tags?post=2080"}],"curies":[{"name":"wp","href":"https:\/\/api.w.org\/{rel}","templated":true}]}}