{"id":21973,"date":"2019-02-28T17:07:29","date_gmt":"2019-02-28T23:07:29","guid":{"rendered":"http:\/\/www.radiodigitaltamazunchale.com\/landing\/?p=21973"},"modified":"2019-02-28T17:07:30","modified_gmt":"2019-02-28T23:07:30","slug":"congreso-del-estado-aprueba-punto-de-acuerdo-para-exhortar-al-gobierno-del-estado-que-disene-e-implemente-un-programa-emergente-para-apoyar-a-las-estancias-infantiles","status":"publish","type":"post","link":"https:\/\/www.radiodigitaltamazunchale.com\/landing\/uncategorized\/congreso-del-estado-aprueba-punto-de-acuerdo-para-exhortar-al-gobierno-del-estado-que-disene-e-implemente-un-programa-emergente-para-apoyar-a-las-estancias-infantiles\/","title":{"rendered":"CONGRESO DEL ESTADO APRUEBA PUNTO DE ACUERDO PARA EXHORTAR AL GOBIERNO DEL ESTADO QUE DISE\u00d1E E IMPLEMENTE UN PROGRAMA EMERGENTE PARA APOYAR A LAS ESTANCIAS INFANTILES."},"content":{"rendered":"\n<p>A propuesta del diputado Eugenio\nGovea, el pleno del Congreso del Estado aprob\u00f3 el Punto de Acuerdo de urgente y\nobvia resoluci\u00f3n para exhortar al Gobernador del Estado, Juan Manuel Carreras\nL\u00f3pez, para que cree y ejecute un Programa Emergente de Estancias Infantiles para\nApoyar a Madres Trabajadoras del Estado de San Luis Potos\u00ed, con un monto de $950.00\npesos, (novecientos cincuenta pesos 00\/100 M.N.) mensuales por infante inscrito\nen el programa federal, por un periodo de dos meses.<\/p>\n\n\n\n<p>En su exposici\u00f3n de motivos, el legislador\nEugenio Govea Arcos, se\u00f1al\u00f3&nbsp; que \u201cun\nart\u00edculo publicado el pasado 20 de febrero por el Diario Forbes M\u00e9xico, afirma\nque uno de cada tres ni\u00f1os abandon\u00f3 su estancia infantil por el recorte del\nprograma\u201d.<\/p>\n\n\n\n<p>\u201cLas estancias infantiles registran un\ndescenso en su matr\u00edcula de aproximadamente 35 por ciento de los ni\u00f1os\nregistrados en estos espacios a nivel nacional, debido a la reducci\u00f3n al\npresupuesto del Programa de Estancias Infantiles para Apoyar a Madres\nTrabajadoras\u201d.<\/p>\n\n\n\n<p>\u201cDe acuerdo con c\u00e1lculos del Gobierno\nFederal, este programa beneficiaba a 329,781 ni\u00f1os. El estudio de la\norganizaci\u00f3n Save the Children M\u00e9xico, elaborado a 50 estancias infantiles de\nla Ciudad de M\u00e9xico y \u00e1rea metropolitana sobre el impacto de este recorte\npresupuestal por parte del gobierno de Andr\u00e9s Manuel L\u00f3pez Obrador, apunta que\n23 por ciento de estos espacios tuvo que aumentar el costo de recuperaci\u00f3n por\nni\u00f1o para poder continuar con su operaci\u00f3n\u201d.<\/p>\n\n\n\n<p>\u201cEste an\u00e1lisis tambi\u00e9n detect\u00f3 que\ndesde que se detuvo el flujo de recursos disminuy\u00f3 el n\u00famero de ni\u00f1os\nregistrados hasta 21 por ciento y al extender el c\u00e1lculo a nivel nacional la\ncifra puede aumentar hasta 35 por ciento\u201d.<\/p>\n\n\n\n<p>En medio de la controversia que ha\ngenerado el recorte al presupuesto para estancias infantiles, un juez de Nuevo\nLe\u00f3n orden\u00f3 al gobierno federal publicar las reglas de operaci\u00f3n del programa\npara 2019.<\/p>\n\n\n\n<p>Lo anterior luego de que la semana\npasada, el Senador por Movimiento Ciudadano, Samuel Garc\u00eda Sep\u00falveda solicitara\nun amparo contra la disminuci\u00f3n presupuestal.<\/p>\n\n\n\n<p>Sin embargo, de momento no se pueden\nentregar recursos a dichas estancias, pues primero se debe revisar si los\noperadores cumplen con los requisitos para recibir los recursos federales.<\/p>\n\n\n\n<p>En el caso particular de nuestro\nEstado, se vieron afectados con el recorte presupuestal de este programa un\npromedio de 6 mil 200 infantes. En tal virtud, y con el objeto de seguir\ngarantizando un desarrollo \u00f3ptimo a nuestra ni\u00f1ez potosina se requiere de crear\nmecanismos emergentes que afiancen el acceso al Programa de Estancias\nInfantiles para Madres Trabajadoras, mientras se publiquen las reglas de\noperaci\u00f3n y vuelvan a recibir el apoyo \u00edntegro del Programa de Estancias\nInfantiles para Madres Trabajadoras.<\/p>\n","protected":false},"excerpt":{"rendered":"<p>A propuesta del diputado Eugenio Govea, el pleno del Congreso del Estado aprob\u00f3 el Punto de Acuerdo de urgente y<\/p>\n","protected":false},"author":2,"featured_media":21974,"comment_status":"open","ping_status":"open","sticky":false,"template":"","format":"standard","meta":[],"categories":[1],"tags":[],"_links":{"self":[{"href":"https:\/\/www.radiodigitaltamazunchale.com\/landing\/wp-json\/wp\/v2\/posts\/21973"}],"collection":[{"href":"https:\/\/www.radiodigitaltamazunchale.com\/landing\/wp-json\/wp\/v2\/posts"}],"about":[{"href":"https:\/\/www.radiodigitaltamazunchale.com\/landing\/wp-json\/wp\/v2\/types\/post"}],"author":[{"embeddable":true,"href":"https:\/\/www.radiodigitaltamazunchale.com\/landing\/wp-json\/wp\/v2\/users\/2"}],"replies":[{"embeddable":true,"href":"https:\/\/www.radiodigitaltamazunchale.com\/landing\/wp-json\/wp\/v2\/comments?post=21973"}],"version-history":[{"count":1,"href":"https:\/\/www.radiodigitaltamazunchale.com\/landing\/wp-json\/wp\/v2\/posts\/21973\/revisions"}],"predecessor-version":[{"id":21975,"href":"https:\/\/www.radiodigitaltamazunchale.com\/landing\/wp-json\/wp\/v2\/posts\/21973\/revisions\/21975"}],"wp:featuredmedia":[{"embeddable":true,"href":"https:\/\/www.radiodigitaltamazunchale.com\/landing\/wp-json\/wp\/v2\/media\/21974"}],"wp:attachment":[{"href":"https:\/\/www.radiodigitaltamazunchale.com\/landing\/wp-json\/wp\/v2\/media?parent=21973"}],"wp:term":[{"taxonomy":"category","embeddable":true,"href":"https:\/\/www.radiodigitaltamazunchale.com\/landing\/wp-json\/wp\/v2\/categories?post=21973"},{"taxonomy":"post_tag","embeddable":true,"href":"https:\/\/www.radiodigitaltamazunchale.com\/landing\/wp-json\/wp\/v2\/tags?post=21973"}],"curies":[{"name":"wp","href":"https:\/\/api.w.org\/{rel}","templated":true}]}}