{"id":21990,"date":"2019-03-01T09:41:14","date_gmt":"2019-03-01T15:41:14","guid":{"rendered":"http:\/\/www.radiodigitaltamazunchale.com\/landing\/?p=21990"},"modified":"2019-03-01T09:41:15","modified_gmt":"2019-03-01T15:41:15","slug":"gobernador-del-estado-realizara-gira-de-trabajo-por-la-zona-media","status":"publish","type":"post","link":"https:\/\/www.radiodigitaltamazunchale.com\/landing\/uncategorized\/gobernador-del-estado-realizara-gira-de-trabajo-por-la-zona-media\/","title":{"rendered":"GOBERNADOR DEL ESTADO REALIZAR\u00c1 GIRA DE TRABAJO POR LA ZONA MEDIA"},"content":{"rendered":"\n<p>En jornada de trabajo por la Zona Media de\nSan Luis Potos\u00ed, el Gobernador Juan Manuel Carreras L\u00f3pez, entregar\u00e1 diversas acciones\nde apoyo, tanto para educaci\u00f3n como vivienda para pobladores de C\u00e1rdenas y\nAlaquines.<\/p>\n\n\n\n<p>Con el objetivo de refrendar el compromiso\nque el Gobierno del Estado tiene para ampliar y fortalecer las oportunidades de\ndesarrollo para los ni\u00f1os y j\u00f3venes de los pueblos originarios en la entidad,\nel mandatario estatal presidir\u00e1 en C\u00e1rdenas, la ceremonia del Quincuag\u00e9simo\nAniversario y D\u00e9cima Quinta Celebraci\u00f3n del D\u00eda de la Educaci\u00f3n Ind\u00edgena. <\/p>\n\n\n\n<p>M\u00e1s tarde en Alaquines, el titular del\nEjecutivo entregar\u00e1 Constancias del Programa Emergente de Alfabetizaci\u00f3n del\nInstituto Estatal de Educaci\u00f3n para Adultos, a personas que han terminado sus\nestudios en esta modalidad.<\/p>\n\n\n\n<p>En Rancho de Pro, Carreras L\u00f3pez inaugurar\u00e1\nla construcci\u00f3n de un aula did\u00e1ctica para la Escuela Primaria \u201cGuillermo\nPrieto\u201d; as\u00ed como la rehabilitaci\u00f3n integral y mejoramiento de la\ninfraestructura f\u00edsica de la Escuela Telesecundaria \u201cLicenciado Benito Ju\u00e1rez\u201d\ny del Jard\u00edn de Ni\u00f1os Ind\u00edgena \u201cXicot\u00e9ncatl\u201d.<\/p>\n\n\n\n<p>Para finalizar esta gira, en un esfuerzo para\nmejorar la calidad de vida de las familias con menores ingresos, Carreras L\u00f3pez\nhar\u00e1 entrega de las primeras acciones del Programa 2018 de Ampliaci\u00f3n de\nVivienda, a trav\u00e9s de la construcci\u00f3n de 98 cuartos dormitorios en beneficio de\nhabitantes de la localidad de Mart\u00ednez.<\/p>\n","protected":false},"excerpt":{"rendered":"<p>En jornada de trabajo por la Zona Media de San Luis Potos\u00ed, el Gobernador Juan Manuel Carreras L\u00f3pez, entregar\u00e1 diversas<\/p>\n","protected":false},"author":2,"featured_media":21795,"comment_status":"open","ping_status":"open","sticky":false,"template":"","format":"standard","meta":[],"categories":[1],"tags":[],"_links":{"self":[{"href":"https:\/\/www.radiodigitaltamazunchale.com\/landing\/wp-json\/wp\/v2\/posts\/21990"}],"collection":[{"href":"https:\/\/www.radiodigitaltamazunchale.com\/landing\/wp-json\/wp\/v2\/posts"}],"about":[{"href":"https:\/\/www.radiodigitaltamazunchale.com\/landing\/wp-json\/wp\/v2\/types\/post"}],"author":[{"embeddable":true,"href":"https:\/\/www.radiodigitaltamazunchale.com\/landing\/wp-json\/wp\/v2\/users\/2"}],"replies":[{"embeddable":true,"href":"https:\/\/www.radiodigitaltamazunchale.com\/landing\/wp-json\/wp\/v2\/comments?post=21990"}],"version-history":[{"count":1,"href":"https:\/\/www.radiodigitaltamazunchale.com\/landing\/wp-json\/wp\/v2\/posts\/21990\/revisions"}],"predecessor-version":[{"id":21991,"href":"https:\/\/www.radiodigitaltamazunchale.com\/landing\/wp-json\/wp\/v2\/posts\/21990\/revisions\/21991"}],"wp:featuredmedia":[{"embeddable":true,"href":"https:\/\/www.radiodigitaltamazunchale.com\/landing\/wp-json\/wp\/v2\/media\/21795"}],"wp:attachment":[{"href":"https:\/\/www.radiodigitaltamazunchale.com\/landing\/wp-json\/wp\/v2\/media?parent=21990"}],"wp:term":[{"taxonomy":"category","embeddable":true,"href":"https:\/\/www.radiodigitaltamazunchale.com\/landing\/wp-json\/wp\/v2\/categories?post=21990"},{"taxonomy":"post_tag","embeddable":true,"href":"https:\/\/www.radiodigitaltamazunchale.com\/landing\/wp-json\/wp\/v2\/tags?post=21990"}],"curies":[{"name":"wp","href":"https:\/\/api.w.org\/{rel}","templated":true}]}}