{"id":22020,"date":"2019-03-02T12:35:33","date_gmt":"2019-03-02T18:35:33","guid":{"rendered":"http:\/\/www.radiodigitaltamazunchale.com\/landing\/?p=22020"},"modified":"2019-03-02T12:35:35","modified_gmt":"2019-03-02T18:35:35","slug":"los-consejos-regionales-para-el-desarrollo-economico-sustentable-deberan-potenciar-la-vocacion-productiva-de-cada-region","status":"publish","type":"post","link":"https:\/\/www.radiodigitaltamazunchale.com\/landing\/uncategorized\/los-consejos-regionales-para-el-desarrollo-economico-sustentable-deberan-potenciar-la-vocacion-productiva-de-cada-region\/","title":{"rendered":"LOS CONSEJOS REGIONALES PARA EL DESARROLLO ECON\u00d3MICO SUSTENTABLE DEBER\u00c1N POTENCIAR LA VOCACI\u00d3N PRODUCTIVA DE CADA REGI\u00d3N."},"content":{"rendered":"\n<p><strong>Dip. Jos\u00e9 Antonio Zapata Mer\u00e1z, present\u00f3 una iniciativa de reforma a la ley para el desarrollo econ\u00f3mico sustentable y la competitividad del estado.<\/strong><\/p>\n\n\n\n<p>El diputado Jos\u00e9 Antonio Zapata Mer\u00e1z\npresent\u00f3 una iniciativa de reforma a la Ley para el Desarrollo Econ\u00f3mico\nSustentable y la Competitividad del Estado de San Luis Potos\u00ed, con la finalidad\nde establecer que los Consejos Regionales para el Desarrollo Econ\u00f3mico\nSustentable deber\u00e1n potenciar la vocaci\u00f3n productiva de cada regi\u00f3n,\nadicionando atribuciones para esos efectos y&nbsp;\nampliando su integraci\u00f3n para incluir a representantes de las\nprincipales actividades econ\u00f3micas de las regiones y propiciar su desarrollo.<\/p>\n\n\n\n<p>Con esta reforma se establecer\u00eda en la\nley mencionada que los consejos regionales funcionar\u00e1n en las cuatro zonas que\ncomprende el Estado: Altiplano, Centro, Media y Huasteca, como \u00f3rganos t\u00e9cnicos\ny de consulta encargados de estudiar, analizar y proponer alternativas para el\ndesarrollo de las actividades productivas de los municipios que las integran\ncon la prioridad de potenciar la vocaci\u00f3n productiva de cada regi\u00f3n. La\ncreaci\u00f3n de los Consejos Regionales para el Desarrollo Econ\u00f3mico ser\u00e1 promovida\ny apoyada por la Secretar\u00eda, en coordinaci\u00f3n con las autoridades municipales. <\/p>\n\n\n\n<p>En la exposici\u00f3n de motivos de la\niniciativa presentada se se\u00f1ala que el presente instrumento legislativo tiene\norigen en una reuni\u00f3n de trabajo con organismos empresariales y la Secretar\u00eda\nde Desarrollo Econ\u00f3mico, en el marco del trabajo conjunto con la Comisi\u00f3n de\nDesarrollo Econ\u00f3mico y Social de esta Soberan\u00eda; la proposici\u00f3n refleja uno de\nlos temas fundamentales de la problem\u00e1tica del desarrollo econ\u00f3mico en el\nestado: las diferencias econ\u00f3micas, entre las regiones de la entidad, tanto en\nproductividad, como en tipo de actividades; por lo que se consider\u00f3 del todo\npertinente trabajar en la propuesta y presentarla en t\u00e9rminos acordes a la ley.\n<\/p>\n\n\n\n<p>Existen organismos denominados\nConsejos Regionales de Desarrollo Econ\u00f3mico, y se organiza uno por cada una de\nlas cuatro zonas que comprende el Estado, y fungen como \u00f3rganos t\u00e9cnicos y de\nconsulta encargados de estudiar, analizar y proponer alternativas para el\ndesarrollo de las actividades productivas de los municipios que las integran. <\/p>\n\n\n\n<p>Sin embargo, aunque estos organismos\nregionales contemplan a los Presidentes Municipales, su integraci\u00f3n ante todo\nrefleja la del Consejo Estatal, por ejemplo, en la fracci\u00f3n IV del art\u00edculo 21,\nse hace referencia a tal organismo estatal establecido en el art\u00edculo 15: IV.\nUn representante de cada uno de los organismos empresariales se\u00f1alados en el\nart\u00edculo 15 de este Ordenamiento, que se encuentren establecidos en la regi\u00f3n\nde que se trate, quienes tambi\u00e9n tendr\u00e1n voz y voto. <\/p>\n\n\n\n<p>Los organismos empresariales citados\nabarcan distintos rubros; sin embargo, por ejemplo, quedan fuera representantes\nde los productores agropecuarios, una actividad vital en varias regiones.&nbsp; <\/p>\n\n\n\n<p>Por lo tanto, existe una necesidad de\nfomentar y aumentar la especializaci\u00f3n de los Consejos, para que las funciones\nde consulta y asesor\u00eda se apliquen especialmente al fomento de la vocaci\u00f3n\nproductiva de cada regi\u00f3n de acuerdo a sus actividades.<\/p>\n\n\n\n<p>La iniciativa del legislador Zapata\nMeraz se turn\u00f3 a la Comisi\u00f3n de Desarrollo Econ\u00f3mico y Social para su an\u00e1lisis\ncorrespondiente. <\/p>\n","protected":false},"excerpt":{"rendered":"<p>Dip. Jos\u00e9 Antonio Zapata Mer\u00e1z, present\u00f3 una iniciativa de reforma a la ley para el desarrollo econ\u00f3mico sustentable y la<\/p>\n","protected":false},"author":2,"featured_media":21416,"comment_status":"open","ping_status":"open","sticky":false,"template":"","format":"standard","meta":[],"categories":[1],"tags":[],"_links":{"self":[{"href":"https:\/\/www.radiodigitaltamazunchale.com\/landing\/wp-json\/wp\/v2\/posts\/22020"}],"collection":[{"href":"https:\/\/www.radiodigitaltamazunchale.com\/landing\/wp-json\/wp\/v2\/posts"}],"about":[{"href":"https:\/\/www.radiodigitaltamazunchale.com\/landing\/wp-json\/wp\/v2\/types\/post"}],"author":[{"embeddable":true,"href":"https:\/\/www.radiodigitaltamazunchale.com\/landing\/wp-json\/wp\/v2\/users\/2"}],"replies":[{"embeddable":true,"href":"https:\/\/www.radiodigitaltamazunchale.com\/landing\/wp-json\/wp\/v2\/comments?post=22020"}],"version-history":[{"count":1,"href":"https:\/\/www.radiodigitaltamazunchale.com\/landing\/wp-json\/wp\/v2\/posts\/22020\/revisions"}],"predecessor-version":[{"id":22021,"href":"https:\/\/www.radiodigitaltamazunchale.com\/landing\/wp-json\/wp\/v2\/posts\/22020\/revisions\/22021"}],"wp:featuredmedia":[{"embeddable":true,"href":"https:\/\/www.radiodigitaltamazunchale.com\/landing\/wp-json\/wp\/v2\/media\/21416"}],"wp:attachment":[{"href":"https:\/\/www.radiodigitaltamazunchale.com\/landing\/wp-json\/wp\/v2\/media?parent=22020"}],"wp:term":[{"taxonomy":"category","embeddable":true,"href":"https:\/\/www.radiodigitaltamazunchale.com\/landing\/wp-json\/wp\/v2\/categories?post=22020"},{"taxonomy":"post_tag","embeddable":true,"href":"https:\/\/www.radiodigitaltamazunchale.com\/landing\/wp-json\/wp\/v2\/tags?post=22020"}],"curies":[{"name":"wp","href":"https:\/\/api.w.org\/{rel}","templated":true}]}}