{"id":22029,"date":"2019-03-02T15:43:43","date_gmt":"2019-03-02T21:43:43","guid":{"rendered":"http:\/\/www.radiodigitaltamazunchale.com\/landing\/?p=22029"},"modified":"2019-03-02T15:43:45","modified_gmt":"2019-03-02T21:43:45","slug":"5-de-marzo-1er-jornada-para-servidores-y-servidoras-publicas-municipales-cefim","status":"publish","type":"post","link":"https:\/\/www.radiodigitaltamazunchale.com\/landing\/uncategorized\/5-de-marzo-1er-jornada-para-servidores-y-servidoras-publicas-municipales-cefim\/","title":{"rendered":"5 DE MARZO, 1ER. JORNADA PARA SERVIDORES Y SERVIDORAS P\u00daBLICAS MUNICIPALES: CEFIM"},"content":{"rendered":"\n<ul><li><strong>-Los cursos se impartir\u00e1n en el Auditorio de la CEFIM, ubicado en el Parque Tangamanga 2.<\/strong><\/li><li><strong>-La cooperaci\u00f3n interinstitucional es fundamental para consolidar pol\u00edticas p\u00fablicas que fortalezcan el desarrollo institucional de los 58 gobiernos municipales. <\/strong><\/li><\/ul>\n\n\n\n<p>Fortalecer el desarrollo institucional y la coordinaci\u00f3n con los ayuntamientos\npotosinos es la prioridad en el Gobierno de San Luis Potos\u00ed, asegur\u00f3 el\nCoordinador Estatal para el Fortalecimiento Institucional de los Municipios\n(CEFIM), Luis Gerardo Aldaco, al anunciar que, este pr\u00f3ximo martes 5 de marzo a\npartir de las 10:00 horas en las instalaciones de la dependencia, se impartir\u00e1\nla 1er. Jornada de Capacitaci\u00f3n para Servidores P\u00fablicos Municipales 2019, <\/p>\n\n\n\n<p>El funcionario agreg\u00f3 que este foro es resultado del convenio con el\nInstituto Nacional para el Federalismo y el Desarrollo Municipal (INAFED),\n\u00f3rgano encargo a nivel federal de fortalecer institucionalmente a las\nadministraciones locales. <\/p>\n\n\n\n<p>Agreg\u00f3 que los cursos que impulsa CEFIM buscan consolidar los conocimientos\ny destrezas de las y los servidores p\u00fablicos, \u201cpues en ellos y ellas recae la\nresponsabilidad de ofrecer un servicio eficiente y de calidad a la ciudadan\u00eda\u201d.\n<\/p>\n\n\n\n<p>Aldaco Ortega, destac\u00f3 que durante las jornadas los participantes ser\u00e1n\ncapacitados en temas como: \u201cHacienda P\u00fablica Municipal y Gesti\u00f3n de Recursos\nExtraordinarios\u201d, la \u00abNueva Gu\u00eda para la Gesti\u00f3n y el Desempe\u00f1o\nMunicipal\u00bb, \u201cAdministraci\u00f3n de los servicios p\u00fablicos municipales\u201d,\n\u201cDise\u00f1o de indicadores para la Evaluaci\u00f3n de la Gesti\u00f3n Municipal\u201d, adem\u00e1s de\n\u201cReglamentaci\u00f3n Municipal\u201d.<\/p>\n\n\n\n<p>Hizo extensiva la invitaci\u00f3n a las y los Presidentes Municipales,\nSecretarios del Ayuntamiento, Secretarios T\u00e9cnicos y\/o Directores de\nPlaneaci\u00f3n, Tesoreros y Responsables del \u00e1rea Jur\u00eddica, para que asistan este\npr\u00f3ximo martes a las jornadas que se estar\u00e1n impartiendo, resalt\u00f3 que los\nprogramas que imparte la CEFIM, no tienen costo. <\/p>\n","protected":false},"excerpt":{"rendered":"<p>-Los cursos se impartir\u00e1n en el Auditorio de la CEFIM, ubicado en el Parque Tangamanga 2. -La cooperaci\u00f3n interinstitucional es<\/p>\n","protected":false},"author":2,"featured_media":22030,"comment_status":"open","ping_status":"open","sticky":false,"template":"","format":"standard","meta":[],"categories":[1],"tags":[],"_links":{"self":[{"href":"https:\/\/www.radiodigitaltamazunchale.com\/landing\/wp-json\/wp\/v2\/posts\/22029"}],"collection":[{"href":"https:\/\/www.radiodigitaltamazunchale.com\/landing\/wp-json\/wp\/v2\/posts"}],"about":[{"href":"https:\/\/www.radiodigitaltamazunchale.com\/landing\/wp-json\/wp\/v2\/types\/post"}],"author":[{"embeddable":true,"href":"https:\/\/www.radiodigitaltamazunchale.com\/landing\/wp-json\/wp\/v2\/users\/2"}],"replies":[{"embeddable":true,"href":"https:\/\/www.radiodigitaltamazunchale.com\/landing\/wp-json\/wp\/v2\/comments?post=22029"}],"version-history":[{"count":1,"href":"https:\/\/www.radiodigitaltamazunchale.com\/landing\/wp-json\/wp\/v2\/posts\/22029\/revisions"}],"predecessor-version":[{"id":22031,"href":"https:\/\/www.radiodigitaltamazunchale.com\/landing\/wp-json\/wp\/v2\/posts\/22029\/revisions\/22031"}],"wp:featuredmedia":[{"embeddable":true,"href":"https:\/\/www.radiodigitaltamazunchale.com\/landing\/wp-json\/wp\/v2\/media\/22030"}],"wp:attachment":[{"href":"https:\/\/www.radiodigitaltamazunchale.com\/landing\/wp-json\/wp\/v2\/media?parent=22029"}],"wp:term":[{"taxonomy":"category","embeddable":true,"href":"https:\/\/www.radiodigitaltamazunchale.com\/landing\/wp-json\/wp\/v2\/categories?post=22029"},{"taxonomy":"post_tag","embeddable":true,"href":"https:\/\/www.radiodigitaltamazunchale.com\/landing\/wp-json\/wp\/v2\/tags?post=22029"}],"curies":[{"name":"wp","href":"https:\/\/api.w.org\/{rel}","templated":true}]}}