{"id":22035,"date":"2019-03-03T10:29:45","date_gmt":"2019-03-03T16:29:45","guid":{"rendered":"http:\/\/www.radiodigitaltamazunchale.com\/landing\/?p=22035"},"modified":"2019-03-03T10:29:46","modified_gmt":"2019-03-03T16:29:46","slug":"realiza-fiscalia-reunion-de-coordinacion-entre-instituciones-en-materia-de-personas-desaparecidas-y-no-localizadas","status":"publish","type":"post","link":"https:\/\/www.radiodigitaltamazunchale.com\/landing\/uncategorized\/realiza-fiscalia-reunion-de-coordinacion-entre-instituciones-en-materia-de-personas-desaparecidas-y-no-localizadas\/","title":{"rendered":"REALIZA FISCAL\u00cdA REUNI\u00d3N DE COORDINACI\u00d3N ENTRE INSTITUCIONES EN MATERIA DE PERSONAS DESAPARECIDAS Y NO LOCALIZADAS"},"content":{"rendered":"\n<ul><li><strong>Se nombraron enlaces Interinstitucionales para brindar una respuesta efectiva en las b\u00fasquedas<\/strong><\/li><li><strong>Esta reuni\u00f3n se realizar\u00e1 cada dos meses para analizar los resultados obtenidos<\/strong><\/li><\/ul>\n\n\n\n<p>SLP.- Con el objetivo de cumplir con lo establecido en la Ley General en Materia de Desaparici\u00f3n Forzada de Personas, Desaparici\u00f3n cometida por Particulares y del Sistema Nacional de B\u00fasqueda, se llev\u00f3 a cabo una reuni\u00f3n de coordinaci\u00f3n con autoridades, dependencias estatales, municipales y no gubernamentales, para establecer los lineamientos operativos en esa tem\u00e1tica, esto en las instalaciones de la Fiscal\u00eda General del Estado de San Luis Potos\u00ed (FGESLP).<\/p>\n\n\n\n<p>Al comenzar el evento, el Fiscal Especializado en materia de Derechos Humanos, Francisco Pablo Alvarado Silva, agradeci\u00f3 el inter\u00e9s mostrado por las diferentes instituciones, comentando la importancia de la creaci\u00f3n de enlaces para una mayor efectividad en la b\u00fasqueda de alguna persona reportada.<\/p>\n\n\n\n<p>Por su parte, la coordinadora de Alerta Amber en San Luis Potos\u00ed, Mar\u00eda Magdalena Vega Escobedo afirm\u00f3 que la ciudadan\u00eda exige que las autoridades den pronta respuesta en estos temas y se realice el trabajo de manera correcta.<\/p>\n\n\n\n<p>\u201cEl Fiscal Federico Arturo Garza ha sido sensible al reclamo leg\u00edtimo de las personas que demandan acciones concretas que conduzcan a localizar a familiares y sancionar a los responsables en el caso de que hayan sido v\u00edctimas de la comisi\u00f3n de alg\u00fan delito, creando la Agencia del Ministerio P\u00fablico especializada en personas desaparecidas y posteriormente la Unidad de Personas Desaparecidas y Extraviadas, y Alerta Amber,&nbsp;logrando disminuir el tiempo en la localizaci\u00f3n de las mismas\u201d, se\u00f1al\u00f3.<\/p>\n\n\n\n<p>Luz Mar\u00eda Montes Mariano, Titular de la Unidad de Personas Desaparecidas y Extraviadas de la Fiscal\u00eda, indic\u00f3 que con esta coordinaci\u00f3n se dar\u00e1n mayores resultados, pues con las experiencias que se han tenido trabajando ya con algunas instituciones, se ha podido dar con el paradero y localizaci\u00f3n de las personas reportadas, adem\u00e1s de que se han mejorado los protocolos y t\u00e9cnicas para la investigaci\u00f3n de los casos que se presentan, tanto los actuales como algunos de otras administraciones.<\/p>\n\n\n\n<p>La Comisi\u00f3n Estatal de Derechos Humanos en voz de su titular, Jorge Andr\u00e9s L\u00f3pez Espinosa, reconoci\u00f3 el trabajo realizado por el personal de la Fiscal\u00eda General del Estado y la apertura con la que han coadyuvado esfuerzos con los colectivos integrados por familiares de las v\u00edctimas.<\/p>\n\n\n\n<p>Mientras tanto, el subsecretario de Derechos Humanos y Asuntos Jur\u00eddicos de Gobierno del Estado, Ulises Valencia reconoci\u00f3 la importancia de generar un Sistema Estatal de B\u00fasqueda de personas, que cuente con estrategias definidas, protocolos y l\u00edneas de acci\u00f3n para evitar la duplicidad de funciones.<\/p>\n\n\n\n<p>Dichas reuniones llevar\u00e1n un seguimiento para evaluar los resultados cada dos meses.<\/p>\n\n\n\n<p>En el evento estuvieron tambi\u00e9n estuvieron presentes Juana Mar\u00eda Castillo Ortega, Fiscal Especializada para la Atenci\u00f3n de la Mujer, Familia y Delitos Sexuales; Pablo Aurelio Loredo Oyervidez, titular de la Procuradur\u00eda de Protecci\u00f3n de Ni\u00f1os; Ni\u00f1as y Adolescentes; Ricardo Galindo Ceballos, Director General del C4.<\/p>\n\n\n\n<p>Adem\u00e1s de Erika Vel\u00e1zquez Guti\u00e9rrez, Directora General del Instituto de las Mujeres; Jorge Vega Arroyo, titular de la Comisi\u00f3n Ejecutiva Estatal de Atenci\u00f3n a V\u00edctimas; Julieta M\u00e9ndez Salas Coordinadora de los Centros de Justicia para Mujeres; Nancy Puente Orozco, Presidenta del DIF Municipal SLP y Elizabeth Rapp Saintmartin, Directora General del Albergue \u201cOtra Oportunidad\u201d, entre muchos otros.<br><\/p>\n","protected":false},"excerpt":{"rendered":"<p>Se nombraron enlaces Interinstitucionales para brindar una respuesta efectiva en las b\u00fasquedas Esta reuni\u00f3n se realizar\u00e1 cada dos meses para<\/p>\n","protected":false},"author":2,"featured_media":22036,"comment_status":"open","ping_status":"open","sticky":false,"template":"","format":"standard","meta":[],"categories":[1],"tags":[],"_links":{"self":[{"href":"https:\/\/www.radiodigitaltamazunchale.com\/landing\/wp-json\/wp\/v2\/posts\/22035"}],"collection":[{"href":"https:\/\/www.radiodigitaltamazunchale.com\/landing\/wp-json\/wp\/v2\/posts"}],"about":[{"href":"https:\/\/www.radiodigitaltamazunchale.com\/landing\/wp-json\/wp\/v2\/types\/post"}],"author":[{"embeddable":true,"href":"https:\/\/www.radiodigitaltamazunchale.com\/landing\/wp-json\/wp\/v2\/users\/2"}],"replies":[{"embeddable":true,"href":"https:\/\/www.radiodigitaltamazunchale.com\/landing\/wp-json\/wp\/v2\/comments?post=22035"}],"version-history":[{"count":1,"href":"https:\/\/www.radiodigitaltamazunchale.com\/landing\/wp-json\/wp\/v2\/posts\/22035\/revisions"}],"predecessor-version":[{"id":22037,"href":"https:\/\/www.radiodigitaltamazunchale.com\/landing\/wp-json\/wp\/v2\/posts\/22035\/revisions\/22037"}],"wp:featuredmedia":[{"embeddable":true,"href":"https:\/\/www.radiodigitaltamazunchale.com\/landing\/wp-json\/wp\/v2\/media\/22036"}],"wp:attachment":[{"href":"https:\/\/www.radiodigitaltamazunchale.com\/landing\/wp-json\/wp\/v2\/media?parent=22035"}],"wp:term":[{"taxonomy":"category","embeddable":true,"href":"https:\/\/www.radiodigitaltamazunchale.com\/landing\/wp-json\/wp\/v2\/categories?post=22035"},{"taxonomy":"post_tag","embeddable":true,"href":"https:\/\/www.radiodigitaltamazunchale.com\/landing\/wp-json\/wp\/v2\/tags?post=22035"}],"curies":[{"name":"wp","href":"https:\/\/api.w.org\/{rel}","templated":true}]}}