{"id":22038,"date":"2019-03-01T12:17:22","date_gmt":"2019-03-01T18:17:22","guid":{"rendered":"http:\/\/www.radiodigitaltamazunchale.com\/landing\/?p=22038"},"modified":"2019-03-03T12:18:35","modified_gmt":"2019-03-03T18:18:35","slug":"entregan-apoyo-de-semillas-de-cafe-a-diversos-beneficiados","status":"publish","type":"post","link":"https:\/\/www.radiodigitaltamazunchale.com\/landing\/uncategorized\/entregan-apoyo-de-semillas-de-cafe-a-diversos-beneficiados\/","title":{"rendered":"ENTREGAN APOYO DE SEMILLAS DE CAF\u00c9 A DIVERSOS BENEFICIADOS"},"content":{"rendered":"\n<p>El departamento de Atenci\u00f3n a Cafeticultores realiz\u00f3 la ma\u00f1ana del viernes 01 de marzo de 2019, la entrega de semilla de caf\u00e9 a personas de distintas localidades como San Francisco, Poxantla, Pahuayo, Amatitla Santiago, Tlalnepantla, Pemucho; adem\u00e1s se le hizo la entrega de este apoyo al director de la secundaria del Carrizal y al CECYTE de Aguazarca, escuelas que cuentan con espacios donde realizar\u00e1n la siembra de esta semilla,  donde tambi\u00e9n posteriormente se firmar\u00e1n convenios con estos planteles educativos para seguir capacitando y dando asesor\u00eda t\u00e9cnica desde la siembra, como embolsar, como realizar los viveros,  todo el proceso  hasta el momento en que florece la planta y dar la semilla. Esto con la finalidad de impulsar a la juventud en la siembra y no dejar el campo tan abandonado, y con ello generar autoempleo.<br>\nEsta entrega de la semilla de caf\u00e9 que se realiz\u00f3 en el foro al aire libre del Jard\u00edn Ju\u00e1rez, el titular del departamento Amus Mart\u00ednez Paulino mencion\u00f3 que se tiene un equipo en cual se ha estado trabajando, dando asesor\u00eda a los cafeticultores en todo el proceso de germinaci\u00f3n de la semilla, agreg\u00f3 que se seguir\u00e1 trabajando hasta comercializar el producto.<br>\nParticiparon en esta entrega el Ing. Gerardo Rodr\u00edguez Gonz\u00e1lez de la Direcci\u00f3n de Fomento y Desarrollo del Caf\u00e9, la s\u00edndico Mariana Barrera Mart\u00ednez y el secretario Particular Odil\u00f3n Gonz\u00e1lez Fern\u00e1ndez.<br>\nAl t\u00e9rmino del programa se dirigieron a sembrar unas plantas de caf\u00e9, producto de los trabajos que se han realizado.<\/p>\n","protected":false},"excerpt":{"rendered":"<p>El departamento de Atenci\u00f3n a Cafeticultores realiz\u00f3 la ma\u00f1ana del viernes 01 de marzo de 2019, la entrega de semilla<\/p>\n","protected":false},"author":2,"featured_media":22040,"comment_status":"open","ping_status":"open","sticky":false,"template":"","format":"standard","meta":[],"categories":[1],"tags":[],"_links":{"self":[{"href":"https:\/\/www.radiodigitaltamazunchale.com\/landing\/wp-json\/wp\/v2\/posts\/22038"}],"collection":[{"href":"https:\/\/www.radiodigitaltamazunchale.com\/landing\/wp-json\/wp\/v2\/posts"}],"about":[{"href":"https:\/\/www.radiodigitaltamazunchale.com\/landing\/wp-json\/wp\/v2\/types\/post"}],"author":[{"embeddable":true,"href":"https:\/\/www.radiodigitaltamazunchale.com\/landing\/wp-json\/wp\/v2\/users\/2"}],"replies":[{"embeddable":true,"href":"https:\/\/www.radiodigitaltamazunchale.com\/landing\/wp-json\/wp\/v2\/comments?post=22038"}],"version-history":[{"count":1,"href":"https:\/\/www.radiodigitaltamazunchale.com\/landing\/wp-json\/wp\/v2\/posts\/22038\/revisions"}],"predecessor-version":[{"id":22041,"href":"https:\/\/www.radiodigitaltamazunchale.com\/landing\/wp-json\/wp\/v2\/posts\/22038\/revisions\/22041"}],"wp:featuredmedia":[{"embeddable":true,"href":"https:\/\/www.radiodigitaltamazunchale.com\/landing\/wp-json\/wp\/v2\/media\/22040"}],"wp:attachment":[{"href":"https:\/\/www.radiodigitaltamazunchale.com\/landing\/wp-json\/wp\/v2\/media?parent=22038"}],"wp:term":[{"taxonomy":"category","embeddable":true,"href":"https:\/\/www.radiodigitaltamazunchale.com\/landing\/wp-json\/wp\/v2\/categories?post=22038"},{"taxonomy":"post_tag","embeddable":true,"href":"https:\/\/www.radiodigitaltamazunchale.com\/landing\/wp-json\/wp\/v2\/tags?post=22038"}],"curies":[{"name":"wp","href":"https:\/\/api.w.org\/{rel}","templated":true}]}}