{"id":22045,"date":"2019-03-01T12:42:00","date_gmt":"2019-03-01T18:42:00","guid":{"rendered":"http:\/\/www.radiodigitaltamazunchale.com\/landing\/?p=22045"},"modified":"2019-03-03T12:44:22","modified_gmt":"2019-03-03T18:44:22","slug":"destacada-alumna-recibio-reconocimiento-en-evento-del-50-aniversario-y-xv-celebracion-de-la-educacion-indigena","status":"publish","type":"post","link":"https:\/\/www.radiodigitaltamazunchale.com\/landing\/uncategorized\/destacada-alumna-recibio-reconocimiento-en-evento-del-50-aniversario-y-xv-celebracion-de-la-educacion-indigena\/","title":{"rendered":"DESTACADA ALUMNA RECIBI\u00d3 RECONOCIMIENTO EN EVENTO DEL 50 ANIVERSARIO Y XV CELEBRACI\u00d3N DE LA EDUCACI\u00d3N IND\u00cdGENA"},"content":{"rendered":"\n<p>El presidente municipal de Tamazunchale el Arq. Juan Antonio Costa Medina en compa\u00f1ia de las direcciones de Cultura y Educaci\u00f3n del Municipio a cargo del Lic. Sime\u00f3n Hern\u00e1ndez Guerrero y el Lic. Juan Cruz Benito participaron en la celebraci\u00f3n del 50 Aniversario y XV Celebraci\u00f3n de la Educaci\u00f3n Ind\u00edgena realizada en el municipio de C\u00e1rdenas. <\/p>\n\n\n\n<p>La Secretaria de Educaci\u00f3n de Gobierno del Estado de San Luis Potos\u00ed y la secci\u00f3n 26 del Sindicato Nacional de Trabajadores de la Educaci\u00f3n a trav\u00e9s del Gobernador del Estado el Dr. Juan Manuel Carreras L\u00f3pez reconoci\u00f3 a Vanessa Luciano Hern\u00e1ndez, ya que ella fue la ganadora del primer lugar estatal de la \u201cOlimpiada del Conocimiento infantil 2018\u201d en la categor\u00eda Primaria Ind\u00edgena, de la escuela primaria Adolfo L\u00f3pez Mateos, de la localidad de Ahuehueyo, Tamazunchale.<br>\nEn la parte cultural tambi\u00e9n se tuvo la participaci\u00f3n del Tr\u00edo Hermandad Huasteca originarios de las comunidades de Rancho Nuevo y Santa Mar\u00eda Picula.<br>\nEl Gobernador Juan Manuel Carreras L\u00f3pez en su mensaje coment\u00f3 que la Educaci\u00f3n ind\u00edgena es factor de progreso, inclusi\u00f3n e igualdad social, y un mecanismo de protecci\u00f3n y preservaci\u00f3n de la diversidad cultural de nuestros pueblos originarios.<\/p>\n","protected":false},"excerpt":{"rendered":"<p>El presidente municipal de Tamazunchale el Arq. Juan Antonio Costa Medina en compa\u00f1ia de las direcciones de Cultura y Educaci\u00f3n<\/p>\n","protected":false},"author":2,"featured_media":22048,"comment_status":"open","ping_status":"open","sticky":false,"template":"","format":"standard","meta":[],"categories":[1],"tags":[],"_links":{"self":[{"href":"https:\/\/www.radiodigitaltamazunchale.com\/landing\/wp-json\/wp\/v2\/posts\/22045"}],"collection":[{"href":"https:\/\/www.radiodigitaltamazunchale.com\/landing\/wp-json\/wp\/v2\/posts"}],"about":[{"href":"https:\/\/www.radiodigitaltamazunchale.com\/landing\/wp-json\/wp\/v2\/types\/post"}],"author":[{"embeddable":true,"href":"https:\/\/www.radiodigitaltamazunchale.com\/landing\/wp-json\/wp\/v2\/users\/2"}],"replies":[{"embeddable":true,"href":"https:\/\/www.radiodigitaltamazunchale.com\/landing\/wp-json\/wp\/v2\/comments?post=22045"}],"version-history":[{"count":1,"href":"https:\/\/www.radiodigitaltamazunchale.com\/landing\/wp-json\/wp\/v2\/posts\/22045\/revisions"}],"predecessor-version":[{"id":22047,"href":"https:\/\/www.radiodigitaltamazunchale.com\/landing\/wp-json\/wp\/v2\/posts\/22045\/revisions\/22047"}],"wp:featuredmedia":[{"embeddable":true,"href":"https:\/\/www.radiodigitaltamazunchale.com\/landing\/wp-json\/wp\/v2\/media\/22048"}],"wp:attachment":[{"href":"https:\/\/www.radiodigitaltamazunchale.com\/landing\/wp-json\/wp\/v2\/media?parent=22045"}],"wp:term":[{"taxonomy":"category","embeddable":true,"href":"https:\/\/www.radiodigitaltamazunchale.com\/landing\/wp-json\/wp\/v2\/categories?post=22045"},{"taxonomy":"post_tag","embeddable":true,"href":"https:\/\/www.radiodigitaltamazunchale.com\/landing\/wp-json\/wp\/v2\/tags?post=22045"}],"curies":[{"name":"wp","href":"https:\/\/api.w.org\/{rel}","templated":true}]}}