{"id":22128,"date":"2019-03-05T15:42:41","date_gmt":"2019-03-05T21:42:41","guid":{"rendered":"http:\/\/www.radiodigitaltamazunchale.com\/landing\/?p=22128"},"modified":"2019-03-05T15:42:42","modified_gmt":"2019-03-05T21:42:42","slug":"presentaron-la-convocatoria-de-la-copa-gobernador","status":"publish","type":"post","link":"https:\/\/www.radiodigitaltamazunchale.com\/landing\/uncategorized\/presentaron-la-convocatoria-de-la-copa-gobernador\/","title":{"rendered":"PRESENTARON LA CONVOCATORIA DE LA COPA GOBERNADOR"},"content":{"rendered":"\n<ul><li><strong>La gran fiesta\ndel futbol en Semana Santa que re\u00fane a miles de aficionados.<\/strong><\/li><li><strong>El Instituto\nPotosino de Cultura F\u00edsica y Deporte organiza el evento en la Categor\u00eda Libre y\nla infantil-juvenil.<\/strong><\/li><\/ul>\n\n\n\n<p>Fueron lanzadas las\nconvocatorias para participar en la XXXV Copa Gobernador, el m\u00e1ximo evento\ndeportivo a nivel popular organizado por el Instituto Potosino de Cultura\nF\u00edsica y Deporte que se llevar\u00e1 a cabo durante Semana Santa del martes 16 al\ndomingo 21 de abril en las categor\u00edas libre e infantil-juvenil.<\/p>\n\n\n\n<p>La Copa Gobernador en su\ncategor\u00eda Libre llegar\u00e1 a 35 a\u00f1os de reunir en Semana Mayor a los mejores\nequipos que presentan el atractivo de jugadores que militaron en equipos\nprofesionales y son im\u00e1n del evento al que acuden miles de familias a\ndisfrutarlo.<\/p>\n\n\n\n<p>La ceremonia fue encabezada\npor el Director General del Instituto Potosino de Cultura F\u00edsica y Deporte\nMiguel quien en su mensaje expres\u00f3: \u201cUna tradici\u00f3n que nos identifica en Semana\nSanta que en San Luis Potos\u00ed que tiene eventos de calidad nacional e\ninternacional; qu\u00e9 gusto que el reflejo de este trabajo coordinado sea la\npermanencia y la tradici\u00f3n\u201d.<\/p>\n\n\n\n<p>Agreg\u00f3 al referirse a la\ncompetencia de los equipos infantiles y juveniles: \u201cQueremos que esta Copa\nGobernador alcance m\u00e1s espacios, tenemos el inter\u00e9s y estamos trabajando con\nlas direcciones de deporte en los municipios para celebrar la fase de regiones\ny que cada una tenga representaci\u00f3n en la categor\u00eda infantil y juvenil y que\nvendr\u00e1n con nuestro apoyo para representar a su zona\u201d<\/p>\n\n\n\n<p>Acompa\u00f1aron al titular del\nINPODE el Director de Desarrollo del Deporte y Director de la Copa Gobernador\nRolando Jim\u00e9nez Turegano; el Subdirector de Deporte Social y Coordinador de la\nCopa Gobernador Infantil y Juvenil Alberto Camacho Mart\u00ednez; el Presidente de\nla Asociaci\u00f3n de Futbol Colegiado Alejandro Viera Carrizales; el Delegado del\nArbitraje Pedro Cadena Guerrero; el Director de Fuerzas B\u00e1sicas del Club\nAtl\u00e9tico de San Luis Jordi Gonz\u00e1lez y el ex futbolista profesional Gerardo\nSilva Escudero.<\/p>\n\n\n\n<p>La edici\u00f3n 2019 del evento\nen la categor\u00eda libre se llevar\u00e1 a cabo del martes 16 al domingo 21 de abril\ncon la jornada uno de la fase de grupos y la ceremonia inaugural el martes 16,\nla segunda y tercera jornada de la fase de grupos los d\u00edas mi\u00e9rcoles 17 y\njueves 18, los cuartos de final el viernes 19 de abril, las semifinales el\ns\u00e1bado 20 y la gran final, premiaci\u00f3n y clausura el domingo 21.<\/p>\n\n\n\n<p>Se jugar\u00e1 con 16 equipos\nintegrados en cuatro grupos y ser\u00e1n sembrados mediante sorteo de manera\nuniforme quedando al menos un equipo for\u00e1neo por grupo; las inscripciones est\u00e1n\nabiertas y se cerrar\u00e1n el 19 de marzo a las 15:00 horas; el sorteo se llevar\u00e1 a\ncabo el martes 9 de abril.<\/p>\n\n\n\n<p>La Copa en las categor\u00edas\nInfantil-Juvenil se llevar\u00e1 a cabo del martes 16 al s\u00e1bado 20 de abril en las\ncategor\u00edas Infantil Mayor 2007-2998 en la rama varonil; Juvenil Menor 2005-2006\nen las ramas varonil y juvenil y Juvenil Mayor 2003-2004 en la rama femenil.<\/p>\n\n\n\n<p>Quedan abiertas las\ninscripciones y se cerrar\u00e1n el martes 9 de abril o hasta tener un m\u00e1ximo de 16\nequipos en cada categor\u00eda.<\/p>\n\n\n\n<p>Se realizar\u00e1n tres\neliminatorias en la Zona Altiplano en Matehuala, Zona Media en Rioverde y Zona\nHuasteca en Ciudad Valles.<\/p>\n","protected":false},"excerpt":{"rendered":"<p>La gran fiesta del futbol en Semana Santa que re\u00fane a miles de aficionados. El Instituto Potosino de Cultura F\u00edsica<\/p>\n","protected":false},"author":2,"featured_media":22129,"comment_status":"open","ping_status":"open","sticky":false,"template":"","format":"standard","meta":[],"categories":[1],"tags":[],"_links":{"self":[{"href":"https:\/\/www.radiodigitaltamazunchale.com\/landing\/wp-json\/wp\/v2\/posts\/22128"}],"collection":[{"href":"https:\/\/www.radiodigitaltamazunchale.com\/landing\/wp-json\/wp\/v2\/posts"}],"about":[{"href":"https:\/\/www.radiodigitaltamazunchale.com\/landing\/wp-json\/wp\/v2\/types\/post"}],"author":[{"embeddable":true,"href":"https:\/\/www.radiodigitaltamazunchale.com\/landing\/wp-json\/wp\/v2\/users\/2"}],"replies":[{"embeddable":true,"href":"https:\/\/www.radiodigitaltamazunchale.com\/landing\/wp-json\/wp\/v2\/comments?post=22128"}],"version-history":[{"count":1,"href":"https:\/\/www.radiodigitaltamazunchale.com\/landing\/wp-json\/wp\/v2\/posts\/22128\/revisions"}],"predecessor-version":[{"id":22130,"href":"https:\/\/www.radiodigitaltamazunchale.com\/landing\/wp-json\/wp\/v2\/posts\/22128\/revisions\/22130"}],"wp:featuredmedia":[{"embeddable":true,"href":"https:\/\/www.radiodigitaltamazunchale.com\/landing\/wp-json\/wp\/v2\/media\/22129"}],"wp:attachment":[{"href":"https:\/\/www.radiodigitaltamazunchale.com\/landing\/wp-json\/wp\/v2\/media?parent=22128"}],"wp:term":[{"taxonomy":"category","embeddable":true,"href":"https:\/\/www.radiodigitaltamazunchale.com\/landing\/wp-json\/wp\/v2\/categories?post=22128"},{"taxonomy":"post_tag","embeddable":true,"href":"https:\/\/www.radiodigitaltamazunchale.com\/landing\/wp-json\/wp\/v2\/tags?post=22128"}],"curies":[{"name":"wp","href":"https:\/\/api.w.org\/{rel}","templated":true}]}}