{"id":22437,"date":"2019-03-16T13:12:36","date_gmt":"2019-03-16T19:12:36","guid":{"rendered":"http:\/\/www.radiodigitaltamazunchale.com\/landing\/?p=22437"},"modified":"2019-03-20T13:12:58","modified_gmt":"2019-03-20T19:12:58","slug":"buscan-que-empresas-con-empleados-con-alguna-discapacidad-tengan-preferencia-en-contrataciones-con-el-sector-publico","status":"publish","type":"post","link":"https:\/\/www.radiodigitaltamazunchale.com\/landing\/uncategorized\/buscan-que-empresas-con-empleados-con-alguna-discapacidad-tengan-preferencia-en-contrataciones-con-el-sector-publico\/","title":{"rendered":"BUSCAN QUE EMPRESAS CON EMPLEADOS CON ALGUNA DISCAPACIDAD TENGAN PREFERENCIA EN CONTRATACIONES CON EL SECTOR P\u00daBLICO"},"content":{"rendered":"\n<p><strong>ES\nUNA MANERA DE QUE ESTE SECTOR SE BENEFICIE Y EL ESTADO ENCAMINE SUS POLITICAS\nP\u00daBLICAS PARA DARLES OPORTUNIDADES DE DESARROLLO: DIP. MARTHA BARAJAS<\/strong><\/p>\n\n\n\n<p>Las personas con discapacidad o las empresas que tengan\ntrabajadores en estas condiciones y que adem\u00e1s sean locales, deber\u00e1n tener\npreferencia para en las contrataciones de servicios con el sector p\u00fablico,\nse\u00f1al\u00f3 la diputada Martha Barajas Garc\u00eda al presentar una iniciativa de reforma\na la Ley de Adquisiciones del Estado.<\/p>\n\n\n\n<p>Su propuesta tiene por objeto reformar la ley para\npromover la contrataci\u00f3n de personas con discapacidad; ello en raz\u00f3n de que, en\nlos casos de contrataci\u00f3n con el sector p\u00fablico, encontrar\u00e1n preferencia, para\nlos supuestos en que se empate las circunstancias. Actualmente en San Luis\nPotos\u00ed, seg\u00fan cifras del Instituto Nacional de Estad\u00edstica, Geograf\u00eda e\nInform\u00e1tica (INEGI), m\u00e1s del 7 por ciento de la poblaci\u00f3n cuenta con alguna\ndiscapacidad.<\/p>\n\n\n\n<p>Actualmente el Gobierno del Estado, a trav\u00e9s de la\nSecretar\u00eda de Trabajo y Previsi\u00f3n Social, realiza ferias del empleo y busca\ncolocar al mayor n\u00famero de personas con discapacidad, dentro del mercado\nlaboral, sin embargo, las dificultades para lograrlo son muy considerables. Por\nello, resulta pertinente que el Estado por medio de la Ley de Adquisiciones,\noriente a la contrataci\u00f3n de personas con discapacidad, adem\u00e1s debe\nmencionarse, que actualmente la Ley Federal de la materia, en su art\u00edculo 14,\ncontempla otorgar puntos extras en la evaluaci\u00f3n a personas con discapacidad o\nempresas que cuenten con trabajadores con discapacidad una proporci\u00f3n del 5 por\nciento.<\/p>\n\n\n\n<p>Se\u00f1al\u00f3 que la reforma propuesta permite homologarse con\nlos criterios que utiliza la Federaci\u00f3n, para la asignaci\u00f3n de contratos. <\/p>\n\n\n\n<p>El art\u00edculo 18 quedar\u00eda de la siguiente manera\u2026 \u201casimismo\ndeber\u00e1n preferir a personas con discapacidad o a la empresa que cuente con\ntrabajadores con discapacidad en una proporci\u00f3n del cinco por ciento cuando\nmenos de la totalidad de su planta de empleados, cuya antig\u00fcedad no sea\ninferior a seis meses, misma que se comprobar\u00e1 con el aviso de alta al r\u00e9gimen\nobligatorio del Instituto Mexicano del Seguro Social\u201d.<\/p>\n\n\n\n<p>La legisladora Martha Barajas se\u00f1al\u00f3 que este ser\u00e1 un\npaso muy importante para incluir a los sectores de personas con alguna\ndiscapacidad en el \u00e1mbito productivo y darles la oportunidad de que puedan\ndesempe\u00f1ar todo su conocimiento para, al mismo tiempo, tener recursos que les\npermitan mejorar su calidad de vida.<\/p>\n\n\n\n<p>La iniciativa de la legisladora fue turnada a las\ncomisiones correspondientes para su an\u00e1lisis y posterior dictamen.<\/p>\n","protected":false},"excerpt":{"rendered":"<p>ES UNA MANERA DE QUE ESTE SECTOR SE BENEFICIE Y EL ESTADO ENCAMINE SUS POLITICAS P\u00daBLICAS PARA DARLES OPORTUNIDADES DE<\/p>\n","protected":false},"author":2,"featured_media":22248,"comment_status":"open","ping_status":"open","sticky":false,"template":"","format":"standard","meta":[],"categories":[1],"tags":[],"_links":{"self":[{"href":"https:\/\/www.radiodigitaltamazunchale.com\/landing\/wp-json\/wp\/v2\/posts\/22437"}],"collection":[{"href":"https:\/\/www.radiodigitaltamazunchale.com\/landing\/wp-json\/wp\/v2\/posts"}],"about":[{"href":"https:\/\/www.radiodigitaltamazunchale.com\/landing\/wp-json\/wp\/v2\/types\/post"}],"author":[{"embeddable":true,"href":"https:\/\/www.radiodigitaltamazunchale.com\/landing\/wp-json\/wp\/v2\/users\/2"}],"replies":[{"embeddable":true,"href":"https:\/\/www.radiodigitaltamazunchale.com\/landing\/wp-json\/wp\/v2\/comments?post=22437"}],"version-history":[{"count":1,"href":"https:\/\/www.radiodigitaltamazunchale.com\/landing\/wp-json\/wp\/v2\/posts\/22437\/revisions"}],"predecessor-version":[{"id":22438,"href":"https:\/\/www.radiodigitaltamazunchale.com\/landing\/wp-json\/wp\/v2\/posts\/22437\/revisions\/22438"}],"wp:featuredmedia":[{"embeddable":true,"href":"https:\/\/www.radiodigitaltamazunchale.com\/landing\/wp-json\/wp\/v2\/media\/22248"}],"wp:attachment":[{"href":"https:\/\/www.radiodigitaltamazunchale.com\/landing\/wp-json\/wp\/v2\/media?parent=22437"}],"wp:term":[{"taxonomy":"category","embeddable":true,"href":"https:\/\/www.radiodigitaltamazunchale.com\/landing\/wp-json\/wp\/v2\/categories?post=22437"},{"taxonomy":"post_tag","embeddable":true,"href":"https:\/\/www.radiodigitaltamazunchale.com\/landing\/wp-json\/wp\/v2\/tags?post=22437"}],"curies":[{"name":"wp","href":"https:\/\/api.w.org\/{rel}","templated":true}]}}