{"id":23781,"date":"2019-04-22T13:45:25","date_gmt":"2019-04-22T19:45:25","guid":{"rendered":"http:\/\/www.radiodigitaltamazunchale.com\/landing\/?p=23781"},"modified":"2019-04-22T13:45:26","modified_gmt":"2019-04-22T19:45:26","slug":"en-esta-temporada-vacacional-es-recomendable-leer-y-realizar-actividades-fisicas-sege","status":"publish","type":"post","link":"https:\/\/www.radiodigitaltamazunchale.com\/landing\/uncategorized\/en-esta-temporada-vacacional-es-recomendable-leer-y-realizar-actividades-fisicas-sege\/","title":{"rendered":"EN ESTA TEMPORADA VACACIONAL ES RECOMENDABLE LEER Y REALIZAR ACTIVIDADES F\u00cdSICAS: SEGE"},"content":{"rendered":"\n<p>\u201cEsta \u00faltima semana de descanso para los\nni\u00f1os, es importante fortalecer lo aprendido en los planteles escolares, as\u00ed\ncomo tambi\u00e9n fomentar actividades deportivas entre los ni\u00f1os, existen\nalternativas en d\u00f3nde realizar alguna actividad f\u00edsica\u201c, as\u00ed lo mencion\u00f3 el\nSecretario de Educaci\u00f3n de Gobierno del Estado, Joel Ram\u00edrez D\u00edaz, quien indic\u00f3\nque para la dependencia es una prioridad el procurar y exhortar a estudiantes y\npadres de familia a fortalecer la sana convivencia tanto al interior de los\nplanteles escolares como al exterior.<\/p>\n\n\n\n<p>\u201cEste periodo vacacional que est\u00e1 por\nterminar representa una oportunidad para fomentar actividades como la lectura y\nla activaci\u00f3n f\u00edsica, las cuales enriquecen adem\u00e1s la uni\u00f3n familiar\u201d.<\/p>\n\n\n\n<p>Ram\u00edrez D\u00edaz, agreg\u00f3 que una de las alternativas\npara las familias es la activaci\u00f3n f\u00edsica, la cual puede realizarse en los\nparques de la ciudad o las \u00e1reas recreativas de las colonias, pues representa\nuna buena opci\u00f3n para mantener la salud y de convivencia con la naturaleza.<\/p>\n\n\n\n<p>Finalmente, el funcionario recomend\u00f3 a los\nalumnos, alumnas y a sus padres a fortalecer el h\u00e1bito de la lectura durante al\nmenos quince minutos diarios, lo cual permitir\u00e1 continuar el desarrollo\nintelectual a\u00fan fuera de las aulas entre los estudiantes, previo al regreso a\nclases que ser\u00e1 el lunes 29 de abril.<\/p>\n","protected":false},"excerpt":{"rendered":"<p>\u201cEsta \u00faltima semana de descanso para los ni\u00f1os, es importante fortalecer lo aprendido en los planteles escolares, as\u00ed como tambi\u00e9n<\/p>\n","protected":false},"author":2,"featured_media":23782,"comment_status":"open","ping_status":"open","sticky":false,"template":"","format":"standard","meta":[],"categories":[1],"tags":[],"_links":{"self":[{"href":"https:\/\/www.radiodigitaltamazunchale.com\/landing\/wp-json\/wp\/v2\/posts\/23781"}],"collection":[{"href":"https:\/\/www.radiodigitaltamazunchale.com\/landing\/wp-json\/wp\/v2\/posts"}],"about":[{"href":"https:\/\/www.radiodigitaltamazunchale.com\/landing\/wp-json\/wp\/v2\/types\/post"}],"author":[{"embeddable":true,"href":"https:\/\/www.radiodigitaltamazunchale.com\/landing\/wp-json\/wp\/v2\/users\/2"}],"replies":[{"embeddable":true,"href":"https:\/\/www.radiodigitaltamazunchale.com\/landing\/wp-json\/wp\/v2\/comments?post=23781"}],"version-history":[{"count":1,"href":"https:\/\/www.radiodigitaltamazunchale.com\/landing\/wp-json\/wp\/v2\/posts\/23781\/revisions"}],"predecessor-version":[{"id":23783,"href":"https:\/\/www.radiodigitaltamazunchale.com\/landing\/wp-json\/wp\/v2\/posts\/23781\/revisions\/23783"}],"wp:featuredmedia":[{"embeddable":true,"href":"https:\/\/www.radiodigitaltamazunchale.com\/landing\/wp-json\/wp\/v2\/media\/23782"}],"wp:attachment":[{"href":"https:\/\/www.radiodigitaltamazunchale.com\/landing\/wp-json\/wp\/v2\/media?parent=23781"}],"wp:term":[{"taxonomy":"category","embeddable":true,"href":"https:\/\/www.radiodigitaltamazunchale.com\/landing\/wp-json\/wp\/v2\/categories?post=23781"},{"taxonomy":"post_tag","embeddable":true,"href":"https:\/\/www.radiodigitaltamazunchale.com\/landing\/wp-json\/wp\/v2\/tags?post=23781"}],"curies":[{"name":"wp","href":"https:\/\/api.w.org\/{rel}","templated":true}]}}