{"id":23863,"date":"2019-04-23T16:10:37","date_gmt":"2019-04-23T22:10:37","guid":{"rendered":"http:\/\/www.radiodigitaltamazunchale.com\/landing\/?p=23863"},"modified":"2019-04-23T16:10:38","modified_gmt":"2019-04-23T22:10:38","slug":"es-necesario-garantizar-la-calidad-de-los-programas-de-desarrollo-social-a-cargo-del-gobierno-del-estado-y-de-los-municipios","status":"publish","type":"post","link":"https:\/\/www.radiodigitaltamazunchale.com\/landing\/uncategorized\/es-necesario-garantizar-la-calidad-de-los-programas-de-desarrollo-social-a-cargo-del-gobierno-del-estado-y-de-los-municipios\/","title":{"rendered":"ES NECESARIO GARANTIZAR LA CALIDAD DE LOS PROGRAMAS DE DESARROLLO SOCIAL A CARGO DEL GOBIERNO DEL ESTADO Y DE LOS MUNICIPIOS"},"content":{"rendered":"\n<p><strong>TAMBI\u00c9N SU EFICIENTE APLICACI\u00d3N CON APEGO A LOS DERECHOS HUMANOS Y JUSTICIA SOCIAL, SE\u00d1ALA LA DIPUTADA LAURA PATRICIA SILVA AL PRESENTAR INICIATIVA DE REFORMA<\/strong><\/p>\n\n\n\n<p>La diputada Laura Patricia Silva Celis se\u00f1al\u00f3 que aunque\nla Ley de Desarrollo Social para el Estado y Municipios de San Luis Potos\u00ed ya\nestablece acciones que de alguna manera permiten enfocar algunas pol\u00edticas\ngubernamentales para el apoyo de los grupos vulnerables, es necesario contar\ncon precisiones puntuales a efecto de que se pueda beneficiar a estos grupos de\nmanera preferente, sin que ello pueda ser considerado como discriminaci\u00f3n o\nsegregaci\u00f3n por grupos<\/p>\n\n\n\n<p>Aunado a que se garantice en la aplicaci\u00f3n de programas\ngubernamentales la vigencia de principios tales como la equidad de g\u00e9nero,\nigualdad, no discriminaci\u00f3n y respeto a los derechos humanos. <\/p>\n\n\n\n<p>Por ello, la legisladora Silva Celis present\u00f3 una\niniciativa de reforma a la Ley de Desarrollo Social para el Estado y Municipios\nde San Luis Potos\u00ed con el objetivo de establecer que se debe garantizar la\ncalidad de los programas de desarrollo social a cargo del Gobierno del Estado y\nde los municipios, as\u00ed como su eficiente aplicaci\u00f3n con apego a los principios\nde igualdad, equidad de g\u00e9nero, respeto a los derechos humanos y la justicia\nsocial.<\/p>\n\n\n\n<p>Adem\u00e1s que no se considerar\u00e1n discriminatorias las acciones\nafirmativas que tengan por efecto promover la igualdad real de oportunidades de\nlas personas o grupos vulnerables, entendidas como las medidas especiales,\nespec\u00edficas y de car\u00e1cter temporal, para combatir situaciones de desigualdad en\nel disfrute o ejercicio de derechos y libertades que sean leg\u00edtimas y propicien\nel respeto de los principios de justicia y proporcionalidad. Tampoco ser\u00e1\njuzgada como discriminatoria la distinci\u00f3n basada en criterios razonables,\nproporcionales y objetivos cuya finalidad no sea el menoscabo de derechos. <\/p>\n\n\n\n<p>En la exposici\u00f3n de motivos de la iniciativa presentada\nse se\u00f1ala que el apoyo a los grupos vulnerables ha de ser un pilar fundamental\npara el desarrollo de todos los pueblos, raz\u00f3n por la que es preciso apoyarlos\nde manera puntual, pues son quienes m\u00e1s se ven afectados por el fen\u00f3meno de la\npobreza. <\/p>\n\n\n\n<p>La iniciativa de la diputada Laura\nPatricia Silva Celis se turn\u00f3 a las comisiones de Desarrollo Econ\u00f3mico y Social\ny Derechos Humanos, Igualdad y G\u00e9nero para su an\u00e1lisis correspondiente.<\/p>\n","protected":false},"excerpt":{"rendered":"<p>TAMBI\u00c9N SU EFICIENTE APLICACI\u00d3N CON APEGO A LOS DERECHOS HUMANOS Y JUSTICIA SOCIAL, SE\u00d1ALA LA DIPUTADA LAURA PATRICIA SILVA AL<\/p>\n","protected":false},"author":2,"featured_media":23864,"comment_status":"open","ping_status":"open","sticky":false,"template":"","format":"standard","meta":[],"categories":[1],"tags":[],"_links":{"self":[{"href":"https:\/\/www.radiodigitaltamazunchale.com\/landing\/wp-json\/wp\/v2\/posts\/23863"}],"collection":[{"href":"https:\/\/www.radiodigitaltamazunchale.com\/landing\/wp-json\/wp\/v2\/posts"}],"about":[{"href":"https:\/\/www.radiodigitaltamazunchale.com\/landing\/wp-json\/wp\/v2\/types\/post"}],"author":[{"embeddable":true,"href":"https:\/\/www.radiodigitaltamazunchale.com\/landing\/wp-json\/wp\/v2\/users\/2"}],"replies":[{"embeddable":true,"href":"https:\/\/www.radiodigitaltamazunchale.com\/landing\/wp-json\/wp\/v2\/comments?post=23863"}],"version-history":[{"count":1,"href":"https:\/\/www.radiodigitaltamazunchale.com\/landing\/wp-json\/wp\/v2\/posts\/23863\/revisions"}],"predecessor-version":[{"id":23865,"href":"https:\/\/www.radiodigitaltamazunchale.com\/landing\/wp-json\/wp\/v2\/posts\/23863\/revisions\/23865"}],"wp:featuredmedia":[{"embeddable":true,"href":"https:\/\/www.radiodigitaltamazunchale.com\/landing\/wp-json\/wp\/v2\/media\/23864"}],"wp:attachment":[{"href":"https:\/\/www.radiodigitaltamazunchale.com\/landing\/wp-json\/wp\/v2\/media?parent=23863"}],"wp:term":[{"taxonomy":"category","embeddable":true,"href":"https:\/\/www.radiodigitaltamazunchale.com\/landing\/wp-json\/wp\/v2\/categories?post=23863"},{"taxonomy":"post_tag","embeddable":true,"href":"https:\/\/www.radiodigitaltamazunchale.com\/landing\/wp-json\/wp\/v2\/tags?post=23863"}],"curies":[{"name":"wp","href":"https:\/\/api.w.org\/{rel}","templated":true}]}}