{"id":23978,"date":"2019-04-25T16:33:35","date_gmt":"2019-04-25T22:33:35","guid":{"rendered":"http:\/\/www.radiodigitaltamazunchale.com\/landing\/?p=23978"},"modified":"2019-04-25T16:33:36","modified_gmt":"2019-04-25T22:33:36","slug":"probable-violador-de-una-menor-es-capturado-en-tamazunchale","status":"publish","type":"post","link":"https:\/\/www.radiodigitaltamazunchale.com\/landing\/uncategorized\/probable-violador-de-una-menor-es-capturado-en-tamazunchale\/","title":{"rendered":"PROBABLE VIOLADOR DE UNA MENOR ES  CAPTURADO EN TAMAZUNCHALE"},"content":{"rendered":"\n<ul><li><strong>La v\u00edctima denunci\u00f3 a su agresor quien result\u00f3 ser su primo<\/strong><\/li><\/ul>\n\n\n\n<p>TAMAZUNCHALE.- En el municipio de Tamazunchale, la Fiscal\u00eda General del Estado de San Luis Potos\u00ed (FGESLP) cumpliment\u00f3 una orden de aprehensi\u00f3n en contra de un hombre de 27 a\u00f1os de edad, como presunto responsable del delito de violaci\u00f3n, en agravio de una menor de edad de identidad reservada.<\/p>\n\n\n\n<p>Los hechos ocurrieron el 25 de noviembre del a\u00f1o 2016, cuando la afectada se encontraba ba\u00f1ando en su domicilio ubicado en el municipio mencionado, y de repente ingres\u00f3 su primo Alfonso \u201cN\u201d, quien aprovechando la ausencia de los padres de la v\u00edctima presumiblemente abus\u00f3 sexualmente de ella.<\/p>\n\n\n\n<p>La menor asegur\u00f3 que ocult\u00f3 lo ocurrido a sus familiares ya que el hombre la amenaz\u00f3 con hacerle da\u00f1o a ella y a sus padres, as\u00ed como a sus hermanos si hablaba con alguien sobre el tema.<\/p>\n\n\n\n<p>D\u00edas despu\u00e9s de lo ocurrido, espec\u00edficamente el 6 de diciembre del mismo a\u00f1o, el se\u00f1alado la llev\u00f3 bajo enga\u00f1os a su casa aprovech\u00e1ndose del parentesco consangu\u00edneo&nbsp;con la menor, asegurando que un familiar la buscaba, viol\u00e1ndola de nueva cuenta.<\/p>\n\n\n\n<p>En esta ocasi\u00f3n la afectada cont\u00f3 lo ocurrido a sus padres y se denunciaron los hechos en la Fiscal\u00eda, por lo que se integr\u00f3 la carpeta de investigaci\u00f3n correspondiente, con base a entrevistas de testigos, inspecci\u00f3n de los sitios se\u00f1alados por la v\u00edctima y otras diligencias realizada por integrantes de la PDI.<\/p>\n\n\n\n<p>Una vez que el Juez de Control emiti\u00f3 el mandamiento de captura correspondiente, los agentes comenzaron la b\u00fasqueda de Alfonso \u201cN\u201d, a quien lograron capturar en el mismo municipio donde ocurrieron los hechos, poni\u00e9ndolo a disposici\u00f3n de la autoridad que lo requiere en el centro penitenciario de Tamazunchale.<\/p>\n","protected":false},"excerpt":{"rendered":"<p>La v\u00edctima denunci\u00f3 a su agresor quien result\u00f3 ser su primo TAMAZUNCHALE.- En el municipio de Tamazunchale, la Fiscal\u00eda General<\/p>\n","protected":false},"author":2,"featured_media":23979,"comment_status":"open","ping_status":"open","sticky":false,"template":"","format":"standard","meta":[],"categories":[1],"tags":[],"_links":{"self":[{"href":"https:\/\/www.radiodigitaltamazunchale.com\/landing\/wp-json\/wp\/v2\/posts\/23978"}],"collection":[{"href":"https:\/\/www.radiodigitaltamazunchale.com\/landing\/wp-json\/wp\/v2\/posts"}],"about":[{"href":"https:\/\/www.radiodigitaltamazunchale.com\/landing\/wp-json\/wp\/v2\/types\/post"}],"author":[{"embeddable":true,"href":"https:\/\/www.radiodigitaltamazunchale.com\/landing\/wp-json\/wp\/v2\/users\/2"}],"replies":[{"embeddable":true,"href":"https:\/\/www.radiodigitaltamazunchale.com\/landing\/wp-json\/wp\/v2\/comments?post=23978"}],"version-history":[{"count":1,"href":"https:\/\/www.radiodigitaltamazunchale.com\/landing\/wp-json\/wp\/v2\/posts\/23978\/revisions"}],"predecessor-version":[{"id":23980,"href":"https:\/\/www.radiodigitaltamazunchale.com\/landing\/wp-json\/wp\/v2\/posts\/23978\/revisions\/23980"}],"wp:featuredmedia":[{"embeddable":true,"href":"https:\/\/www.radiodigitaltamazunchale.com\/landing\/wp-json\/wp\/v2\/media\/23979"}],"wp:attachment":[{"href":"https:\/\/www.radiodigitaltamazunchale.com\/landing\/wp-json\/wp\/v2\/media?parent=23978"}],"wp:term":[{"taxonomy":"category","embeddable":true,"href":"https:\/\/www.radiodigitaltamazunchale.com\/landing\/wp-json\/wp\/v2\/categories?post=23978"},{"taxonomy":"post_tag","embeddable":true,"href":"https:\/\/www.radiodigitaltamazunchale.com\/landing\/wp-json\/wp\/v2\/tags?post=23978"}],"curies":[{"name":"wp","href":"https:\/\/api.w.org\/{rel}","templated":true}]}}