{"id":24022,"date":"2019-04-26T13:58:50","date_gmt":"2019-04-26T19:58:50","guid":{"rendered":"http:\/\/www.radiodigitaltamazunchale.com\/landing\/?p=24022"},"modified":"2019-04-26T13:58:51","modified_gmt":"2019-04-26T19:58:51","slug":"jec-anuncia-cierre-de-tramo-de-un-carril-interior-de-la-glorieta-juarez","status":"publish","type":"post","link":"https:\/\/www.radiodigitaltamazunchale.com\/landing\/uncategorized\/jec-anuncia-cierre-de-tramo-de-un-carril-interior-de-la-glorieta-juarez\/","title":{"rendered":"JEC ANUNCIA CIERRE DE TRAMO DE UN CARRIL INTERIOR DE LA GLORIETA JU\u00c1REZ"},"content":{"rendered":"\n<ul><li><strong>-Se mantendr\u00e1 durante 6 semanas.<\/strong><\/li><\/ul>\n\n\n\n<p>Como parte de los trabajos que se realizan\npara la construcci\u00f3n de los dos nuevos brazos del Distribuidor Ju\u00e1rez que\nconectar\u00e1n las carreteras a Rioverde y a M\u00e9xico\ncon la Avenida Salvador Nava Mart\u00ednez, la Junta estatal de Caminos (JEC),\ninform\u00f3 que a partir del s\u00e1bado 27 de abril del a\u00f1o en curso se cerrar\u00e1 un\ntramo del carril interior de la Glorieta.<\/p>\n\n\n\n<p>En esa zona se llevar\u00e1n a cabo trabajos para\nel cimbrado de cabezales en cinco pilas que constituyen el carril de conexi\u00f3n\nde los dos nuevos brazos con la Avenida Salvador Nava rumbo a la carretera a\nGuadalajara.<\/p>\n\n\n\n<p>Por esta raz\u00f3n, la dependencia hace un llamado\na la poblaci\u00f3n para tomar precauciones al tomar esta v\u00eda, ya que la glorieta contar\u00e1\nen ese punto, solo con dos carriles abiertos a la circulaci\u00f3n. <\/p>\n\n\n\n<p>Se contempla que este cierre tenga una\nduraci\u00f3n de seis semanas, por lo que se deber\u00e1 considerar que la ruta presente\nuna mayor concentraci\u00f3n vehicular de lo habitual, as\u00ed como prever tiempos de\ntraslado. <\/p>\n","protected":false},"excerpt":{"rendered":"<p>-Se mantendr\u00e1 durante 6 semanas. Como parte de los trabajos que se realizan para la construcci\u00f3n de los dos nuevos<\/p>\n","protected":false},"author":2,"featured_media":24023,"comment_status":"open","ping_status":"open","sticky":false,"template":"","format":"standard","meta":[],"categories":[1],"tags":[],"_links":{"self":[{"href":"https:\/\/www.radiodigitaltamazunchale.com\/landing\/wp-json\/wp\/v2\/posts\/24022"}],"collection":[{"href":"https:\/\/www.radiodigitaltamazunchale.com\/landing\/wp-json\/wp\/v2\/posts"}],"about":[{"href":"https:\/\/www.radiodigitaltamazunchale.com\/landing\/wp-json\/wp\/v2\/types\/post"}],"author":[{"embeddable":true,"href":"https:\/\/www.radiodigitaltamazunchale.com\/landing\/wp-json\/wp\/v2\/users\/2"}],"replies":[{"embeddable":true,"href":"https:\/\/www.radiodigitaltamazunchale.com\/landing\/wp-json\/wp\/v2\/comments?post=24022"}],"version-history":[{"count":1,"href":"https:\/\/www.radiodigitaltamazunchale.com\/landing\/wp-json\/wp\/v2\/posts\/24022\/revisions"}],"predecessor-version":[{"id":24024,"href":"https:\/\/www.radiodigitaltamazunchale.com\/landing\/wp-json\/wp\/v2\/posts\/24022\/revisions\/24024"}],"wp:featuredmedia":[{"embeddable":true,"href":"https:\/\/www.radiodigitaltamazunchale.com\/landing\/wp-json\/wp\/v2\/media\/24023"}],"wp:attachment":[{"href":"https:\/\/www.radiodigitaltamazunchale.com\/landing\/wp-json\/wp\/v2\/media?parent=24022"}],"wp:term":[{"taxonomy":"category","embeddable":true,"href":"https:\/\/www.radiodigitaltamazunchale.com\/landing\/wp-json\/wp\/v2\/categories?post=24022"},{"taxonomy":"post_tag","embeddable":true,"href":"https:\/\/www.radiodigitaltamazunchale.com\/landing\/wp-json\/wp\/v2\/tags?post=24022"}],"curies":[{"name":"wp","href":"https:\/\/api.w.org\/{rel}","templated":true}]}}