{"id":24746,"date":"2019-05-15T07:22:24","date_gmt":"2019-05-15T13:22:24","guid":{"rendered":"http:\/\/www.radiodigitaltamazunchale.com\/landing\/?p=24746"},"modified":"2019-05-16T07:26:53","modified_gmt":"2019-05-16T13:26:53","slug":"labor-de-maestras-y-maestros-potosinos-es-fundamental-para-alcanzar-un-mejor-futuro-para-slp-jm-carreras","status":"publish","type":"post","link":"https:\/\/www.radiodigitaltamazunchale.com\/landing\/uncategorized\/labor-de-maestras-y-maestros-potosinos-es-fundamental-para-alcanzar-un-mejor-futuro-para-slp-jm-carreras\/","title":{"rendered":"LABOR DE MAESTRAS Y MAESTROS POTOSINOS ES FUNDAMENTAL PARA ALCANZAR UN MEJOR FUTURO PARA SLP: JM CARRERAS"},"content":{"rendered":"\n<p>Gobernador encabeza homenaje al magisterio potosino con motivo del D\u00eda del<br>\nMaestro.<br>\n\uf0b7 L\u00edderes sindicales reconocen respaldo de Carreras L\u00f3pez en favor de la educaci\u00f3n.<br>\nTras encabezar el homenaje al magisterio potosino con motivo del D\u00eda del Maestro, donde<br>\nparticiparon docentes de las secciones 26 y 52 del Sindicato Nacional de Trabajadores de<br>\nla Educaci\u00f3n (SNTE), el Gobernador del Estado, Juan Manuel Carreras L\u00f3pez, se\u00f1alo que la<br>\nlabor de las y los maestros potosinos es fundamental para construir un mejor futuro para<br>\nSan Luis Potos\u00ed.<br>\nAcompa\u00f1ado de la Presidenta de la Junta Directiva del DIF Estatal, Lorena Valle Rodr\u00edguez,<br>\nCarreras L\u00f3pez, destac\u00f3 la gratitud del pueblo potosino con sus docentes, quienes<br>\nestablecen la educaci\u00f3n de calidad como el objetivo m\u00e1s importante a seguir, para<br>\naprovechar de la mejor manera las innovaciones tecnol\u00f3gicas y los nuevos modelos de<br>\nense\u00f1anza.<br>\nEn dicha celebraci\u00f3n, se reconoci\u00f3 a docentes que cumplen 28, 30, 40 o m\u00e1s a\u00f1os de<br>\nservicio, adem\u00e1s, se entregaron premios, est\u00edmulos y recompensas a 819 maestros<br>\nhomenajeados y a 25 que obtuvieron el Premio Estatal de Educaci\u00f3n.<br>\nEl Secretario de Educaci\u00f3n, Joel Ram\u00edrez D\u00edaz, indic\u00f3 que el trabajo docente se realiza con<br>\nesp\u00edritu de servicio y amor a la ni\u00f1ez, adem\u00e1s, dijo que el Premio Estatal de Educaci\u00f3n se<br>\notorga a quienes con esfuerzo y talento educan para que el alumnado logre sus propias<br>\nmetas y superen los retos de la vida.<br>\nAgreg\u00f3 que San Luis Potos\u00ed es un ejemplo nacional del desempe\u00f1o magisterial, en esta<br>\nlabor \u2013dijo- siempre han sido y ser\u00e1n acompa\u00f1ados por el Gobierno del Estado, para<br>\nmantener los est\u00e1ndares de calidad educativa que procure una preparaci\u00f3n integral, para<br>\nque ni\u00f1os, ni\u00f1as y adolescentes salgan adelante en un mundo cada vez m\u00e1s competitivo.<br>\nAdriana de Jes\u00fas Villa Huizar, representante de Alfonso Cepeda Salas, Secretario General<br>\ndel SNTE, indic\u00f3 que el Congreso de la Uni\u00f3n aprob\u00f3 importantes reformas para el futuro<br>\nde M\u00e9xico, en los que participaron docentes en foros de consultas estatales y que en San<br>\nLuis Potos\u00ed se realizaron de la mejor manera debido al respaldo del Gobernador Juan<br>\nManuel Carreras L\u00f3pez, que siempre \u2013se\u00f1al\u00f3- ha dado respuesta a sentidas demandas<br>\nque ten\u00edan a\u00f1os de no resolverse.<\/p>\n\n\n\n<p>El Secretario General de la Secci\u00f3n 26 del SNTE, Alejo Rivera \u00c1vila, agradeci\u00f3 el apoyo del<br>\nGobernador en el rescate de pensiones, adem\u00e1s, refrend\u00f3 la voluntad del Sindicato de<br>\ntrabajar en conjunto para alcanzar m\u00e1s beneficios para las y los trabajadores de la<br>\neducaci\u00f3n.<br>\nAgreg\u00f3 que la organizaci\u00f3n particip\u00f3 activamente en la reforma de los art\u00edculos 3\u00b0, 31\u00b0 y<br>\n73\u00b0 con planteamientos para garantizar del derecho humano a la educaci\u00f3n p\u00fablica hasta<br>\nel nivel superior, revalorizar de manera integral la labor docente y garantizar sus<br>\nderechos.<br>\nMart\u00edn Rodr\u00edguez Ram\u00edrez, Secretario General de la Secci\u00f3n 52 del SNTE, reconoci\u00f3 la<br>\nvisi\u00f3n y respaldo otorgado por Carreras L\u00f3pez, as\u00ed como el apoyo decidido en la atenci\u00f3n<br>\ncon respeto a las inquietudes del magisterio. \u201cUn aliado que conoce bien el \u00e1mbito<br>\neducativo y la importancia de que los maestros sean promotores del cambio en todos los<br>\n\u00e1mbitos de la vida estatal\u201d, agreg\u00f3.<br>\nA esta ceremonia asistieron Sonia Mendoza D\u00edaz, Presidenta de la Directiva del Congreso<br>\ndel Estado; Juan Paulo Almaz\u00e1n Cu\u00e9, Presidente del Supremo Tribunal de Justicia y del<br>\nConsejo de la Judicatura; Mar\u00eda del Consuelo Carmona Salas, Presidenta de la Comisi\u00f3n de<br>\nEducaci\u00f3n, Cultura, Ciencia y Tecnolog\u00eda del Congreso del Estado; Ramiro C\u00e1rdenas \u00c1vila,<br>\nrepresentante del Comandante de la Doceava Zona Militar Gusmar \u00c1ngel Gonz\u00e1lez<br>\nCastillo; Griselda \u00c1lvarez Oliveros, Directora del SEER y Sebasti\u00e1n P\u00e9rez Garc\u00eda en<br>\nrepresentaci\u00f3n de Xavier Nava Palacios, alcalde de la capital.<\/p>\n","protected":false},"excerpt":{"rendered":"<p>Gobernador encabeza homenaje al magisterio potosino con motivo del D\u00eda del Maestro. \uf0b7 L\u00edderes sindicales reconocen respaldo de Carreras L\u00f3pez<\/p>\n","protected":false},"author":2,"featured_media":24748,"comment_status":"open","ping_status":"open","sticky":false,"template":"","format":"standard","meta":[],"categories":[1],"tags":[],"_links":{"self":[{"href":"https:\/\/www.radiodigitaltamazunchale.com\/landing\/wp-json\/wp\/v2\/posts\/24746"}],"collection":[{"href":"https:\/\/www.radiodigitaltamazunchale.com\/landing\/wp-json\/wp\/v2\/posts"}],"about":[{"href":"https:\/\/www.radiodigitaltamazunchale.com\/landing\/wp-json\/wp\/v2\/types\/post"}],"author":[{"embeddable":true,"href":"https:\/\/www.radiodigitaltamazunchale.com\/landing\/wp-json\/wp\/v2\/users\/2"}],"replies":[{"embeddable":true,"href":"https:\/\/www.radiodigitaltamazunchale.com\/landing\/wp-json\/wp\/v2\/comments?post=24746"}],"version-history":[{"count":1,"href":"https:\/\/www.radiodigitaltamazunchale.com\/landing\/wp-json\/wp\/v2\/posts\/24746\/revisions"}],"predecessor-version":[{"id":24749,"href":"https:\/\/www.radiodigitaltamazunchale.com\/landing\/wp-json\/wp\/v2\/posts\/24746\/revisions\/24749"}],"wp:featuredmedia":[{"embeddable":true,"href":"https:\/\/www.radiodigitaltamazunchale.com\/landing\/wp-json\/wp\/v2\/media\/24748"}],"wp:attachment":[{"href":"https:\/\/www.radiodigitaltamazunchale.com\/landing\/wp-json\/wp\/v2\/media?parent=24746"}],"wp:term":[{"taxonomy":"category","embeddable":true,"href":"https:\/\/www.radiodigitaltamazunchale.com\/landing\/wp-json\/wp\/v2\/categories?post=24746"},{"taxonomy":"post_tag","embeddable":true,"href":"https:\/\/www.radiodigitaltamazunchale.com\/landing\/wp-json\/wp\/v2\/tags?post=24746"}],"curies":[{"name":"wp","href":"https:\/\/api.w.org\/{rel}","templated":true}]}}