{"id":25469,"date":"2019-06-07T07:34:46","date_gmt":"2019-06-07T13:34:46","guid":{"rendered":"http:\/\/www.radiodigitaltamazunchale.com\/landing\/?p=25469"},"modified":"2019-06-07T07:36:42","modified_gmt":"2019-06-07T13:36:42","slug":"7-de-junio-dia-de-la-libertad-de-expresion","status":"publish","type":"post","link":"https:\/\/www.radiodigitaltamazunchale.com\/landing\/uncategorized\/7-de-junio-dia-de-la-libertad-de-expresion\/","title":{"rendered":"7 DE JUNIO D\u00cdA DE LA LIBERTAD DE EXPRESI\u00d3N"},"content":{"rendered":"\n<p>\n\n\u00bfPor qu\u00e9 el D\u00eda de la Libertad de Expresi\u00f3n en M\u00e9xico se celebra el 7 de junio?<\/p>\n\n\n\n<p> La libertad de expresi\u00f3n contribuye a ejercer otros derechos y libertades fundamentales como la libertad de prensa, los derechos de reuni\u00f3n, de asociaci\u00f3n, de petici\u00f3n y de participaci\u00f3n pol\u00edtica. Es un derecho humano b\u00e1sico, constitucional, fundamental e inherente y necesario a la naturaleza humana. Es por ello que merece un espacio en el calendario de efem\u00e9rides el 7 de junio, celebr\u00e1ndose en M\u00e9xico el D\u00eda de la Libertad de Expresi\u00f3n.  <\/p>\n","protected":false},"excerpt":{"rendered":"<p>\u00bfPor qu\u00e9 el D\u00eda de la Libertad de Expresi\u00f3n en M\u00e9xico se celebra el 7 de junio? La libertad de<\/p>\n","protected":false},"author":2,"featured_media":25470,"comment_status":"open","ping_status":"open","sticky":false,"template":"","format":"standard","meta":[],"categories":[1],"tags":[],"_links":{"self":[{"href":"https:\/\/www.radiodigitaltamazunchale.com\/landing\/wp-json\/wp\/v2\/posts\/25469"}],"collection":[{"href":"https:\/\/www.radiodigitaltamazunchale.com\/landing\/wp-json\/wp\/v2\/posts"}],"about":[{"href":"https:\/\/www.radiodigitaltamazunchale.com\/landing\/wp-json\/wp\/v2\/types\/post"}],"author":[{"embeddable":true,"href":"https:\/\/www.radiodigitaltamazunchale.com\/landing\/wp-json\/wp\/v2\/users\/2"}],"replies":[{"embeddable":true,"href":"https:\/\/www.radiodigitaltamazunchale.com\/landing\/wp-json\/wp\/v2\/comments?post=25469"}],"version-history":[{"count":3,"href":"https:\/\/www.radiodigitaltamazunchale.com\/landing\/wp-json\/wp\/v2\/posts\/25469\/revisions"}],"predecessor-version":[{"id":25473,"href":"https:\/\/www.radiodigitaltamazunchale.com\/landing\/wp-json\/wp\/v2\/posts\/25469\/revisions\/25473"}],"wp:featuredmedia":[{"embeddable":true,"href":"https:\/\/www.radiodigitaltamazunchale.com\/landing\/wp-json\/wp\/v2\/media\/25470"}],"wp:attachment":[{"href":"https:\/\/www.radiodigitaltamazunchale.com\/landing\/wp-json\/wp\/v2\/media?parent=25469"}],"wp:term":[{"taxonomy":"category","embeddable":true,"href":"https:\/\/www.radiodigitaltamazunchale.com\/landing\/wp-json\/wp\/v2\/categories?post=25469"},{"taxonomy":"post_tag","embeddable":true,"href":"https:\/\/www.radiodigitaltamazunchale.com\/landing\/wp-json\/wp\/v2\/tags?post=25469"}],"curies":[{"name":"wp","href":"https:\/\/api.w.org\/{rel}","templated":true}]}}