{"id":25485,"date":"2019-06-07T09:13:31","date_gmt":"2019-06-07T15:13:31","guid":{"rendered":"http:\/\/www.radiodigitaltamazunchale.com\/landing\/?p=25485"},"modified":"2019-06-07T09:13:32","modified_gmt":"2019-06-07T15:13:32","slug":"especializacion-en-musicoterapia-aplicada","status":"publish","type":"post","link":"https:\/\/www.radiodigitaltamazunchale.com\/landing\/uncategorized\/especializacion-en-musicoterapia-aplicada\/","title":{"rendered":"ESPECIALIZACI\u00d3N EN MUSICOTERAPIA APLICADA"},"content":{"rendered":"\n<p>La Secretar\u00eda de\nCultura de Gobierno del Estado de San Luis Potos\u00ed invita a profesionistas y\np\u00fablico interesado a inscribirse en el Diplomado de \u201cEspecializaci\u00f3n en\nMusicoterapia Aplicada\u201d que se llevar\u00e1 a cabo en\njunio, julio y agosto en el Centro de las Artes San Luis Potos\u00ed Centenario.<\/p>\n\n\n\n<p>Con este diplomado\nse busca establecer una relaci\u00f3n entre salud y educaci\u00f3n que deje un precedente\ndentro de grupo de participantes interesados en desarrollar\nel conocimiento y pr\u00e1ctica de la Musicoterapia para satisfacer demandas\nprofesionales dentro de sus diferentes \u00e1mbitos laborales.<\/p>\n\n\n\n<p>El objetivo es\nfacilitar nuevas herramientas de intervenci\u00f3n desde el lenguaje musical,\nacrecentando posibilidades de escucha y percepci\u00f3n a\nsu contexto disciplinario, por lo que se plantea a aquellas personas\ninteresadas en \u00e1reas afines a la m\u00fasica, la psicolog\u00eda, la medicina, la\nsociolog\u00eda, antropolog\u00eda entre otras.<\/p>\n\n\n\n<p>La musicoterapia\nest\u00e1 asociada al propio proceso cultural de\naceptaci\u00f3n y ampliaci\u00f3n en el campo disciplinar, y en M\u00e9xico se ha comprobado\nque la inserci\u00f3n de \u00e9sta en diferentes contextos es necesaria. <\/p>\n\n\n\n<p>A las personas\ninteresadas en este diplomado, cuenta con valor curricular. Para mayores informes comunicarse a la Secretar\u00eda de Cultura, a la Direcci\u00f3n de\nDesarrollo Cultural, tel\u00e9fonos 812 90 14 y 812 55 50 ext. 109 y 141.&nbsp;\n<\/p>\n\n\n\n<p>Para conocer las\nactividades culturales que se presentan en los distintos espacios con los que\ncuenta la Secretar\u00eda de Cultura en San Luis Potos\u00ed,\nse invita al p\u00fablico a seguir las redes sociales institucionales y\/o a\ndescargar la App \u201cSLP Cultura\u201d disponible para dispositivos m\u00f3viles Android\ncomo iOS.<\/p>\n","protected":false},"excerpt":{"rendered":"<p>La Secretar\u00eda de Cultura de Gobierno del Estado de San Luis Potos\u00ed invita a profesionistas y p\u00fablico interesado a inscribirse<\/p>\n","protected":false},"author":2,"featured_media":25486,"comment_status":"open","ping_status":"open","sticky":false,"template":"","format":"standard","meta":[],"categories":[1],"tags":[],"_links":{"self":[{"href":"https:\/\/www.radiodigitaltamazunchale.com\/landing\/wp-json\/wp\/v2\/posts\/25485"}],"collection":[{"href":"https:\/\/www.radiodigitaltamazunchale.com\/landing\/wp-json\/wp\/v2\/posts"}],"about":[{"href":"https:\/\/www.radiodigitaltamazunchale.com\/landing\/wp-json\/wp\/v2\/types\/post"}],"author":[{"embeddable":true,"href":"https:\/\/www.radiodigitaltamazunchale.com\/landing\/wp-json\/wp\/v2\/users\/2"}],"replies":[{"embeddable":true,"href":"https:\/\/www.radiodigitaltamazunchale.com\/landing\/wp-json\/wp\/v2\/comments?post=25485"}],"version-history":[{"count":1,"href":"https:\/\/www.radiodigitaltamazunchale.com\/landing\/wp-json\/wp\/v2\/posts\/25485\/revisions"}],"predecessor-version":[{"id":25487,"href":"https:\/\/www.radiodigitaltamazunchale.com\/landing\/wp-json\/wp\/v2\/posts\/25485\/revisions\/25487"}],"wp:featuredmedia":[{"embeddable":true,"href":"https:\/\/www.radiodigitaltamazunchale.com\/landing\/wp-json\/wp\/v2\/media\/25486"}],"wp:attachment":[{"href":"https:\/\/www.radiodigitaltamazunchale.com\/landing\/wp-json\/wp\/v2\/media?parent=25485"}],"wp:term":[{"taxonomy":"category","embeddable":true,"href":"https:\/\/www.radiodigitaltamazunchale.com\/landing\/wp-json\/wp\/v2\/categories?post=25485"},{"taxonomy":"post_tag","embeddable":true,"href":"https:\/\/www.radiodigitaltamazunchale.com\/landing\/wp-json\/wp\/v2\/tags?post=25485"}],"curies":[{"name":"wp","href":"https:\/\/api.w.org\/{rel}","templated":true}]}}