{"id":25491,"date":"2019-06-07T11:28:57","date_gmt":"2019-06-07T17:28:57","guid":{"rendered":"http:\/\/www.radiodigitaltamazunchale.com\/landing\/?p=25491"},"modified":"2019-06-07T11:28:59","modified_gmt":"2019-06-07T17:28:59","slug":"slp-y-estado-aleman-de-baviera-firmaran-acuerdo-de-cooperacion-bilateral","status":"publish","type":"post","link":"https:\/\/www.radiodigitaltamazunchale.com\/landing\/uncategorized\/slp-y-estado-aleman-de-baviera-firmaran-acuerdo-de-cooperacion-bilateral\/","title":{"rendered":"SLP Y ESTADO ALEM\u00c1N DE BAVIERA FIRMAR\u00c1N ACUERDO DE COOPERACI\u00d3N BILATERAL"},"content":{"rendered":"\n<ul><li><strong>Gustavo Puente Orozco,\nindic\u00f3 que buscan impulsar <\/strong><strong>el intercambio y trabajo conjunto en las \u00e1reas de econom\u00eda, tecnolog\u00eda\ne innovaci\u00f3n.<\/strong><strong><\/strong><\/li><li><strong>Acuerdo se establecer\u00e1\nen el marco de la inauguraci\u00f3n de la planta BMW. <\/strong><\/li><\/ul>\n\n\n\n<p>En el marco de la\ninauguraci\u00f3n de la Bayerische Motoren Werke\nGroup (BMW) Planta San Luis Potos\u00ed,\nel\nSecretario de Desarrollo Econ\u00f3mico, Gustavo Puente Orozco, indic\u00f3 que se\nfirmar\u00e1 un acuerdo con el Estado de Baviera, Alemania, para la cooperaci\u00f3n econ\u00f3mica\ncon la entidad potosina y en tecnolog\u00eda e innovaci\u00f3n.<\/p>\n\n\n\n<p>El funcionario estatal, precis\u00f3 que este\nacuerdo se establecer\u00e1 con el Secretario de Estado para Econom\u00eda, Desarrollo\nRegional y Energ\u00eda de Baviera, Roland Weigert, quien lidera una delegaci\u00f3n de\n33 personas que visitar\u00e1n la entidad con motivo de la apertura de la planta\nautomotriz alemana y en la que destacan Simone Strohmayr y Benno Zierer, miembro\ndel Parlamento Regional.<\/p>\n\n\n\n<p>Puente Orozco, se\u00f1al\u00f3 que el principal\nobjetivo es fortalecer futuras relaciones de inversi\u00f3n y negocios que\nconsoliden a la entidad como un destino imprescindible para el capital de\naquella naci\u00f3n y con ello contribuir a la generaci\u00f3n de empleos en beneficio de\nlas y los potosinos. &nbsp;<\/p>\n\n\n\n<p>Agreg\u00f3 que la delegaci\u00f3n alemana participar\u00e1 en el\nforo \u201cRetos y soluciones en el manejo y uso eficiente del agua\u201d, donde se establecer\u00e1\nun di\u00e1logo circular con autoridades competentes de los tres niveles de gobierno,\nempresas y comunidad acad\u00e9mica local. \n\n\u201cTambi\u00e9n se llevar\u00e1 a cabo una reuni\u00f3n entre la\nUniversidad de Ciencias Aplicadas de W\u00fcrzburg-Schweinfurt, la Universidad\nPolit\u00e9cnica, el Instituto Tecnol\u00f3gico y la Universidad Tecnol\u00f3gica Metropolitana,\ndonde el tema principal ser\u00e1n los programas de educaci\u00f3n dual\u201d, concluy\u00f3 Puente\nOrozco. \n\n\n\n<\/p>\n","protected":false},"excerpt":{"rendered":"<p>Gustavo Puente Orozco, indic\u00f3 que buscan impulsar el intercambio y trabajo conjunto en las \u00e1reas de econom\u00eda, tecnolog\u00eda e innovaci\u00f3n.<\/p>\n","protected":false},"author":2,"featured_media":25492,"comment_status":"open","ping_status":"open","sticky":false,"template":"","format":"standard","meta":[],"categories":[1],"tags":[],"_links":{"self":[{"href":"https:\/\/www.radiodigitaltamazunchale.com\/landing\/wp-json\/wp\/v2\/posts\/25491"}],"collection":[{"href":"https:\/\/www.radiodigitaltamazunchale.com\/landing\/wp-json\/wp\/v2\/posts"}],"about":[{"href":"https:\/\/www.radiodigitaltamazunchale.com\/landing\/wp-json\/wp\/v2\/types\/post"}],"author":[{"embeddable":true,"href":"https:\/\/www.radiodigitaltamazunchale.com\/landing\/wp-json\/wp\/v2\/users\/2"}],"replies":[{"embeddable":true,"href":"https:\/\/www.radiodigitaltamazunchale.com\/landing\/wp-json\/wp\/v2\/comments?post=25491"}],"version-history":[{"count":1,"href":"https:\/\/www.radiodigitaltamazunchale.com\/landing\/wp-json\/wp\/v2\/posts\/25491\/revisions"}],"predecessor-version":[{"id":25493,"href":"https:\/\/www.radiodigitaltamazunchale.com\/landing\/wp-json\/wp\/v2\/posts\/25491\/revisions\/25493"}],"wp:featuredmedia":[{"embeddable":true,"href":"https:\/\/www.radiodigitaltamazunchale.com\/landing\/wp-json\/wp\/v2\/media\/25492"}],"wp:attachment":[{"href":"https:\/\/www.radiodigitaltamazunchale.com\/landing\/wp-json\/wp\/v2\/media?parent=25491"}],"wp:term":[{"taxonomy":"category","embeddable":true,"href":"https:\/\/www.radiodigitaltamazunchale.com\/landing\/wp-json\/wp\/v2\/categories?post=25491"},{"taxonomy":"post_tag","embeddable":true,"href":"https:\/\/www.radiodigitaltamazunchale.com\/landing\/wp-json\/wp\/v2\/tags?post=25491"}],"curies":[{"name":"wp","href":"https:\/\/api.w.org\/{rel}","templated":true}]}}