{"id":25510,"date":"2019-06-07T14:38:31","date_gmt":"2019-06-07T20:38:31","guid":{"rendered":"http:\/\/www.radiodigitaltamazunchale.com\/landing\/?p=25510"},"modified":"2019-06-07T14:38:32","modified_gmt":"2019-06-07T20:38:32","slug":"presenta-diputado-edgardo-hernandez-iniciativa-para-expedir-la-nueva-ley-de-proteccion-al-ejercicio-de-personas-defensoras-de-derechos-humanos-y-periodistas","status":"publish","type":"post","link":"https:\/\/www.radiodigitaltamazunchale.com\/landing\/uncategorized\/presenta-diputado-edgardo-hernandez-iniciativa-para-expedir-la-nueva-ley-de-proteccion-al-ejercicio-de-personas-defensoras-de-derechos-humanos-y-periodistas\/","title":{"rendered":"PRESENTA DIPUTADO EDGARDO HERN\u00c1NDEZ INICIATIVA PARA EXPEDIR LA NUEVA LEY DE PROTECCI\u00d3N AL EJERCICIO DE PERSONAS DEFENSORAS DE DERECHOS HUMANOS Y PERIODISTAS"},"content":{"rendered":"\n<p><strong>El\nobjetivo es que exista protecci\u00f3n a la libertad de expresi\u00f3n<\/strong><\/p>\n\n\n\n<p>El\ndiputado Edgardo\nHern\u00e1ndez Contreras present\u00f3 una iniciativa que plantea abrogar la Ley de\nProtecci\u00f3n al Ejercicio del Periodismo del Estado de San Luis Potos\u00ed y expedir\nla Ley de Protecci\u00f3n al Ejercicio de Personas Defensoras de Derechos Humanos y\nPeriodistas del Estado de San Luis Potos\u00ed.<\/p>\n\n\n\n<p>El\nobjetivo es que&nbsp; exista una protecci\u00f3n de\npersonas defensoras de los derechos humanos y, por la otra parte, la defensa al\nejercicio del periodismo y libertad de expresi\u00f3n. <\/p>\n\n\n\n<p>Lo anterior concatenado y en\nadecuaci\u00f3n con la Ley Federal para la Protecci\u00f3n de Personas Defensoras de\nDerechos Humanos y Periodistas. Por esto, en la presente propuesta de ley se\nampl\u00eda el cat\u00e1logo de conceptos en su art\u00edculo 2 capitulo I. <\/p>\n\n\n\n<p>Se implementa la evaluaci\u00f3n de\nriesgos, para determinar el mecanismo a aplicar, ya sea, medidas preventivas,\nmedidas de protecci\u00f3n o medidas urgentes de protecci\u00f3n, as\u00ed como los\nlineamientos para la realizaci\u00f3n de convenios de cooperaci\u00f3n con cualquier entidad\no instituci\u00f3n para los fines de la presente Ley y en beneficio de las personas\ndefensoras de derechos humanos y los periodistas.&nbsp; <\/p>\n\n\n\n<p>Se especifica el procedimiento a\nseguir y las bases para que los afectados o sus beneficiarios acreditados,\ntengan acceso a las medidas de protecci\u00f3n, en caso de que sean agredidos en los\nt\u00e9rminos de la presente Ley. Ampli\u00e1ndose el cat\u00e1logo de personas que puedan ser\nbeneficiarios de dichas medidas.&nbsp; <\/p>\n\n\n\n<p>Se deja establecido el Comit\u00e9 Estatal\nde Protecci\u00f3n las personas defensoras de derechos humanos y los periodistas, y\nen el cual se determina que todas las personas integrantes de dicho comit\u00e9\ntendr\u00e1n voz y voto, y las referidas en el inciso V y VI, no deben de ser\nfuncionarios p\u00fablicos, pues de lo contrario, atraer\u00eda desequilibrio en la toma\nde decisiones de dicho Comit\u00e9. <\/p>\n\n\n\n<p>Se ampl\u00eda en dos fracciones las\natribuciones del Comit\u00e9 Estatal, y el cual tendr\u00e1 que identificar los patrones\nde agresiones, elaborar un mapa de riesgos dentro del Estado, definir y evaluar\nlas medidas preventivas a aplicarse. <\/p>\n\n\n\n<p>Sin dejar de mencionar, que la actual\nLey de Protecci\u00f3n al Ejercicio del Periodismo del Estado de San Luis Potos\u00ed, en\nsu art\u00edculo 17 fracci\u00f3n III, refiere a una figura inexistente (Procuradur\u00eda\nGeneral de Justicia) siendo la actual Fiscal\u00eda General del Estado. Y en su\nart\u00edculo 21, referente a las sanciones, se refiere a Ley de Responsabilidades\nde los Servidores P\u00fablicos del Estado y Municipios de San Luis Potos\u00ed, esta Ley\nque ya ha sido abrogada por la Ley de Responsabilidades Administrativas para el\nEstado de San Luis Potos\u00ed.<\/p>\n\n\n\n<p>En la exposici\u00f3n de motivos de la\niniciativa presentada se se\u00f1ala que la labor period\u00edstica se ve amenazada por\nlas circunstancias que vive nuestro pa\u00eds, e igualmente con las personas\ndefensoras de Derechos Humanos, y no s\u00f3lo afecta a quienes se dedican a\ninformar y buscar la noticia, sino que perjudica tambi\u00e9n a sus familias que\npueden llegar a sentirse inseguras y atacadas. <\/p>\n\n\n\n<p>En fecha 25 de abril del 2013, se\naprob\u00f3 la Ley de Protecci\u00f3n al Ejercicio&nbsp;\ndel Periodismo del Estado de San Luis Potos\u00ed, misma, que solo ha tenido\nuna modificaci\u00f3n en fecha 25 de octubre del 2016. Dicha Ley s\u00f3lo contiene 21\nart\u00edculos, por lo que es necesaria su ampliaci\u00f3n aqu\u00ed propuesta, ya que se\ndeben de atender el principio de progresividad y adecuaci\u00f3n al sistema\nfederal.&nbsp;&nbsp; <\/p>\n\n\n\n<p>El\nprincipio de progresividad que rige en materia de los derechos humanos implica\ntanto gradualidad como progreso. La gradualidad se refiere a que, generalmente,\nla efectividad de los derechos humanos no se logra de manera inmediata, sino\nque conlleva todo un proceso que supone definir metas a corto, mediano y largo\nplazos. Por su parte, el progreso implica que el disfrute de los derechos\nsiempre debe mejorar. En tal sentido, el principio de progresividad de los\nderechos humanos se relaciona no s\u00f3lo con la prohibici\u00f3n de regresividad del\ndisfrute de los derechos fundamentales, sino tambi\u00e9n con la obligaci\u00f3n positiva\nde promoverlos de manera progresiva y gradual, pues como lo se\u00f1al\u00f3 el\nConstituyente Permanente, el Estado mexicano tiene el mandato constitucional de\nrealizar todos los cambios y transformaciones necesarias en la estructura\necon\u00f3mica, social, pol\u00edtica y cultural del pa\u00eds, de manera que se garantice que\ntodas las personas puedan disfrutar de sus derechos humanos. Por tanto, el\nprincipio aludido exige a todas las autoridades del Estado mexicano, en el\n\u00e1mbito de su competencia, incrementar el grado de tutela en la promoci\u00f3n,\nrespeto, protecci\u00f3n y garant\u00eda de los derechos humanos y tambi\u00e9n les impide, en\nvirtud de su expresi\u00f3n de no regresividad, adoptar medidas que sin plena\njustificaci\u00f3n constitucional disminuyan el nivel de la protecci\u00f3n a los\nderechos humanos de quienes se someten al orden jur\u00eddico del Estado mexicano.\n<\/p>\n\n\n\n<p>La\niniciativa del legislador se turn\u00f3 a las comisiones de Justicia; Puntos\nConstitucionales; Derechos Humanos, Igualdad y G\u00e9nero; y Transparencia y Acceso\na la Informaci\u00f3n P\u00fablica para su an\u00e1lisis correspondiente.<\/p>\n","protected":false},"excerpt":{"rendered":"<p>El objetivo es que exista protecci\u00f3n a la libertad de expresi\u00f3n El diputado Edgardo Hern\u00e1ndez Contreras present\u00f3 una iniciativa que<\/p>\n","protected":false},"author":2,"featured_media":19774,"comment_status":"open","ping_status":"open","sticky":false,"template":"","format":"standard","meta":[],"categories":[1],"tags":[],"_links":{"self":[{"href":"https:\/\/www.radiodigitaltamazunchale.com\/landing\/wp-json\/wp\/v2\/posts\/25510"}],"collection":[{"href":"https:\/\/www.radiodigitaltamazunchale.com\/landing\/wp-json\/wp\/v2\/posts"}],"about":[{"href":"https:\/\/www.radiodigitaltamazunchale.com\/landing\/wp-json\/wp\/v2\/types\/post"}],"author":[{"embeddable":true,"href":"https:\/\/www.radiodigitaltamazunchale.com\/landing\/wp-json\/wp\/v2\/users\/2"}],"replies":[{"embeddable":true,"href":"https:\/\/www.radiodigitaltamazunchale.com\/landing\/wp-json\/wp\/v2\/comments?post=25510"}],"version-history":[{"count":1,"href":"https:\/\/www.radiodigitaltamazunchale.com\/landing\/wp-json\/wp\/v2\/posts\/25510\/revisions"}],"predecessor-version":[{"id":25511,"href":"https:\/\/www.radiodigitaltamazunchale.com\/landing\/wp-json\/wp\/v2\/posts\/25510\/revisions\/25511"}],"wp:featuredmedia":[{"embeddable":true,"href":"https:\/\/www.radiodigitaltamazunchale.com\/landing\/wp-json\/wp\/v2\/media\/19774"}],"wp:attachment":[{"href":"https:\/\/www.radiodigitaltamazunchale.com\/landing\/wp-json\/wp\/v2\/media?parent=25510"}],"wp:term":[{"taxonomy":"category","embeddable":true,"href":"https:\/\/www.radiodigitaltamazunchale.com\/landing\/wp-json\/wp\/v2\/categories?post=25510"},{"taxonomy":"post_tag","embeddable":true,"href":"https:\/\/www.radiodigitaltamazunchale.com\/landing\/wp-json\/wp\/v2\/tags?post=25510"}],"curies":[{"name":"wp","href":"https:\/\/api.w.org\/{rel}","templated":true}]}}