{"id":25518,"date":"2019-06-07T08:31:52","date_gmt":"2019-06-07T14:31:52","guid":{"rendered":"http:\/\/www.radiodigitaltamazunchale.com\/landing\/?p=25518"},"modified":"2019-06-08T08:34:11","modified_gmt":"2019-06-08T14:34:11","slug":"se-instalaran-en-slp-3-coordinaciones-regionales-de-la-guardia-nacional-jm-carreras","status":"publish","type":"post","link":"https:\/\/www.radiodigitaltamazunchale.com\/landing\/uncategorized\/se-instalaran-en-slp-3-coordinaciones-regionales-de-la-guardia-nacional-jm-carreras\/","title":{"rendered":"SE INSTALAR\u00c1N EN SLP 3 COORDINACIONES REGIONALES DE LA GUARD\u00cdA NACIONAL: JM CARRERAS"},"content":{"rendered":"\n<ul><li><strong>Asiste mandatario estatal a la\nReuni\u00f3n de Coordinaci\u00f3n Regional de la Zona IV Noroeste. <\/strong><\/li><\/ul>\n\n\n\n<p>Monterrey,\nN.L., &#8211; Tras asistir a la Reuni\u00f3n de Coordinaci\u00f3n Regional de la Zona IV\nNoroeste, encabezada por el Secretario de Seguridad y Protecci\u00f3n Ciudadana,\nAlfonso Durazo Monta\u00f1o, el Gobernador de San Luis Potos\u00ed, Juan Manuel Carreras\nL\u00f3pez, dio a conocer que se establecer\u00e1n en la entidad tres coordinaciones\nregionales de la Guardia Nacional, que permitir\u00e1 fortalecer los esquenas de\ncooperaci\u00f3n a favor de las familias potosinas. <\/p>\n\n\n\n<p>El\nmandatario estatal indic\u00f3 que gracias a este tipo de reuniones, se establecen\nlas bases de an\u00e1lisis para el Modelo Nacional de Polic\u00eda.<\/p>\n\n\n\n<p>Agreg\u00f3\nque estos encuentros consolidan los puntos fundamentales tocantes a la\nseguridad en especifico, en la regi\u00f3n, para homologar la capacitaci\u00f3n,\nprofesionalizaci\u00f3n y -progresivamente- las percepciones y prestaciones\npoliciales. <\/p>\n\n\n\n<p>Al\nrespecto, Durazo Monta\u00f1o indic\u00f3 que el objetivo de la federaci\u00f3n en conjunto\ncon los estados es sentar las bases para reducir la incidencia delictiva, en\nrelaci\u00f3n a las regiones y su numero de densidad poblacional. <\/p>\n\n\n\n<p>Adem\u00e1s\nse abordaron temas como los retos en el Sistema Penitenciario el\nfortalecimiento de la coordinaci\u00f3n. <\/p>\n\n\n\n<p>Estuvieron\npresentes los gobernadores de Nuevo Le\u00f3n Jaime Rodr\u00edguez Calder\u00f3n; de Coahuila,\nMiguel \u00c1ngel Riquelme; de Tamaulipas, Francisco Garc\u00eda Cabeza de Vaca; de\nDurango, Jos\u00e9 Rosas Auipuru y Clara Luz Flores, Presidenta de la Conferencia\nNacional de Presidentes Municipales.<\/p>\n\n\n\n<p>De\nla misma manera, los Secretarios de la Defensa Nacional, Luis Crescencio\nSandoval y de la Marina, Jos\u00e9 Rafael Ojeda. <\/p>\n","protected":false},"excerpt":{"rendered":"<p>Asiste mandatario estatal a la Reuni\u00f3n de Coordinaci\u00f3n Regional de la Zona IV Noroeste. Monterrey, N.L., &#8211; Tras asistir a<\/p>\n","protected":false},"author":2,"featured_media":25519,"comment_status":"open","ping_status":"open","sticky":false,"template":"","format":"standard","meta":[],"categories":[1],"tags":[],"_links":{"self":[{"href":"https:\/\/www.radiodigitaltamazunchale.com\/landing\/wp-json\/wp\/v2\/posts\/25518"}],"collection":[{"href":"https:\/\/www.radiodigitaltamazunchale.com\/landing\/wp-json\/wp\/v2\/posts"}],"about":[{"href":"https:\/\/www.radiodigitaltamazunchale.com\/landing\/wp-json\/wp\/v2\/types\/post"}],"author":[{"embeddable":true,"href":"https:\/\/www.radiodigitaltamazunchale.com\/landing\/wp-json\/wp\/v2\/users\/2"}],"replies":[{"embeddable":true,"href":"https:\/\/www.radiodigitaltamazunchale.com\/landing\/wp-json\/wp\/v2\/comments?post=25518"}],"version-history":[{"count":1,"href":"https:\/\/www.radiodigitaltamazunchale.com\/landing\/wp-json\/wp\/v2\/posts\/25518\/revisions"}],"predecessor-version":[{"id":25520,"href":"https:\/\/www.radiodigitaltamazunchale.com\/landing\/wp-json\/wp\/v2\/posts\/25518\/revisions\/25520"}],"wp:featuredmedia":[{"embeddable":true,"href":"https:\/\/www.radiodigitaltamazunchale.com\/landing\/wp-json\/wp\/v2\/media\/25519"}],"wp:attachment":[{"href":"https:\/\/www.radiodigitaltamazunchale.com\/landing\/wp-json\/wp\/v2\/media?parent=25518"}],"wp:term":[{"taxonomy":"category","embeddable":true,"href":"https:\/\/www.radiodigitaltamazunchale.com\/landing\/wp-json\/wp\/v2\/categories?post=25518"},{"taxonomy":"post_tag","embeddable":true,"href":"https:\/\/www.radiodigitaltamazunchale.com\/landing\/wp-json\/wp\/v2\/tags?post=25518"}],"curies":[{"name":"wp","href":"https:\/\/api.w.org\/{rel}","templated":true}]}}