{"id":25521,"date":"2019-06-08T09:12:59","date_gmt":"2019-06-08T15:12:59","guid":{"rendered":"http:\/\/www.radiodigitaltamazunchale.com\/landing\/?p=25521"},"modified":"2019-06-08T09:13:01","modified_gmt":"2019-06-08T15:13:01","slug":"presidente-anuncia-obra-para-la-institucion-emsad-30-de-santa-fe-axtla","status":"publish","type":"post","link":"https:\/\/www.radiodigitaltamazunchale.com\/landing\/uncategorized\/presidente-anuncia-obra-para-la-institucion-emsad-30-de-santa-fe-axtla\/","title":{"rendered":"PRESIDENTE ANUNCIA OBRA PARA LA INSTITUCI\u00d3N EMSAD 30 DE SANTA FE AXTLA"},"content":{"rendered":"\n<p><\/p>\n\n\n\n<p>-Presentan su sexta generacion el EMSAD 30<\/p>\n\n\n\n<p>-Otorgan certificaci\u00f3n de calidad<\/p>\n\n\n\n<p>Axtla.-El EMSAD 30, de Santa Fe Texacal conmemor\u00f3 su sexta generaci\u00f3n el cual lleva por nombre \u201cLic. Elizabeth Barrenechea\u201d quien dirige el SMDIF mpal de Axtla de Terrazas. As\u00ed mismo, el alcalde Jovanny Ram\u00f3n apadrin\u00f3 a los 43 estudiantes que hoy reciben su certificado de culminaci\u00f3n de estudios del nivel medio superior. <br>El director de la instituci\u00f3n el Profr. Jes\u00fas Rosas, agradeci\u00f3 las atenciones del alcalde Jovanny Ram\u00f3n y apoyo a la instituci\u00f3n. Mencion\u00f3 que cada vez que acude a alguna direcci\u00f3n del H. Ayuntamiento es recibido con atenciones y siempre con una respuesta positiva por lo que reconoci\u00f3 el liderazgo del Presidente Municipal.\u00a0<br>Por su parte el alcalde, incito a los padres de familia, al personal docente y alumnos a hacer equipo para brindar obras en favor de la educaci\u00f3n. Coment\u00f3 que en Santa Fe se tiene un compromiso y se destinar\u00e1n beneficios a las familias.\u00a0<br>El jefe de la comuna anuncio el apoyo a la instituci\u00f3n educativa con una sub-estaci\u00f3n el\u00e9ctrica para el bien funcionamiento y aprovechamiento en beneficio de los alumnos.\u00a0<br>Representantas de la direcci\u00f3n general en los planteles de EMSAD y COBACH otorgaron un certificado de calidad de educaci\u00f3n a la escuela de nivel medio superior de Santa Fe que representa un logro may\u00fasculo a pocos a\u00f1os de inicio de su creaci\u00f3n gracias al trabajo de su personal docente y administrativo.<\/p>\n","protected":false},"excerpt":{"rendered":"<p>-Presentan su sexta generacion el EMSAD 30 -Otorgan certificaci\u00f3n de calidad Axtla.-El EMSAD 30, de Santa Fe Texacal conmemor\u00f3 su<\/p>\n","protected":false},"author":2,"featured_media":25522,"comment_status":"open","ping_status":"open","sticky":false,"template":"","format":"standard","meta":[],"categories":[1],"tags":[],"_links":{"self":[{"href":"https:\/\/www.radiodigitaltamazunchale.com\/landing\/wp-json\/wp\/v2\/posts\/25521"}],"collection":[{"href":"https:\/\/www.radiodigitaltamazunchale.com\/landing\/wp-json\/wp\/v2\/posts"}],"about":[{"href":"https:\/\/www.radiodigitaltamazunchale.com\/landing\/wp-json\/wp\/v2\/types\/post"}],"author":[{"embeddable":true,"href":"https:\/\/www.radiodigitaltamazunchale.com\/landing\/wp-json\/wp\/v2\/users\/2"}],"replies":[{"embeddable":true,"href":"https:\/\/www.radiodigitaltamazunchale.com\/landing\/wp-json\/wp\/v2\/comments?post=25521"}],"version-history":[{"count":1,"href":"https:\/\/www.radiodigitaltamazunchale.com\/landing\/wp-json\/wp\/v2\/posts\/25521\/revisions"}],"predecessor-version":[{"id":25523,"href":"https:\/\/www.radiodigitaltamazunchale.com\/landing\/wp-json\/wp\/v2\/posts\/25521\/revisions\/25523"}],"wp:featuredmedia":[{"embeddable":true,"href":"https:\/\/www.radiodigitaltamazunchale.com\/landing\/wp-json\/wp\/v2\/media\/25522"}],"wp:attachment":[{"href":"https:\/\/www.radiodigitaltamazunchale.com\/landing\/wp-json\/wp\/v2\/media?parent=25521"}],"wp:term":[{"taxonomy":"category","embeddable":true,"href":"https:\/\/www.radiodigitaltamazunchale.com\/landing\/wp-json\/wp\/v2\/categories?post=25521"},{"taxonomy":"post_tag","embeddable":true,"href":"https:\/\/www.radiodigitaltamazunchale.com\/landing\/wp-json\/wp\/v2\/tags?post=25521"}],"curies":[{"name":"wp","href":"https:\/\/api.w.org\/{rel}","templated":true}]}}