{"id":25524,"date":"2019-06-08T11:01:05","date_gmt":"2019-06-08T17:01:05","guid":{"rendered":"http:\/\/www.radiodigitaltamazunchale.com\/landing\/?p=25524"},"modified":"2019-06-08T11:01:08","modified_gmt":"2019-06-08T17:01:08","slug":"privilegiaran-derechos-humanos-en-el-segundo-seminario-para-barandillas-municipales-cefim","status":"publish","type":"post","link":"https:\/\/www.radiodigitaltamazunchale.com\/landing\/uncategorized\/privilegiaran-derechos-humanos-en-el-segundo-seminario-para-barandillas-municipales-cefim\/","title":{"rendered":"PRIVILEGIAR\u00c1N DERECHOS HUMANOS EN EL SEGUNDO SEMINARIO PARA BARANDILLAS MUNICIPALES: CEFIM"},"content":{"rendered":"\n<ul><li><strong>Inici\u00f3 este 7 de junio y continuar\u00e1 los d\u00edas 14, 21 y 28 de\n     junio.<\/strong><\/li><li><strong>Participar\u00e1n 20 municipios de la zona Huasteca.<\/strong><\/li><\/ul>\n\n\n\n<p>Todos los viernes de junio se llevar\u00e1 cabo el\nSeminario \u201cEstancia Digna\u2013Barandillas Municipales\u201d, en las instalaciones de la\nUniversidad Aut\u00f3noma de San Luis Potos\u00ed, Campus Ciudad Valles, el curso\u2013taller\nbusca profesionalizar en temas de derechos humanos y administraci\u00f3n p\u00fablica al\npersonal que integra los veinte Centros de Detenci\u00f3n Municipal de la Zona\nHuasteca. Dicho seminario lo impulsa la Coordinaci\u00f3n Estatal para el\nFortalecimiento Institucional de los Municipios (CEFIM), en vinculaci\u00f3n con la\nComisi\u00f3n Estatal de Derechos Humanos (CEDH). <\/p>\n\n\n\n<p>El Titular de la CEFIM, Luis Gerardo Aldaco\nOrtega, inform\u00f3 \u201ceste seminario que hoy inauguramos es la continuaci\u00f3n de un\ntrabajo que se ha realizado en primera instancia con 25 municipios de la zona\ncentro, altiplano y media, y hoy con la inauguraci\u00f3n de este segundo seminario\ncerramos un ciclo con 20 municipios de la huasteca; nuestro objetivo es\nfortalecer una de las \u00e1reas donde se registran estad\u00edsticas nada favorables, de\nacuerdo al \u00faltimo reporte de la CEDH s\u00f3lo 5 de las 58 barandillas municipales\ncumplen con la normatividad para operar\u201d. <\/p>\n\n\n\n<p>Por lo tanto, \u201ccreemos necesario apostar por el\ndesarrollo y sensibilizaci\u00f3n de \u00e1reas esenciales en los gobiernos municipales,\ntal es el caso de las barandillas municipales, con ello, impulsamos un mayor\ncompromiso social en temas que deben ser respetados y asumidos\u201d, se\u00f1al\u00f3 el\nfuncionario estatal. <\/p>\n\n\n\n<p>Recalc\u00f3 que este esfuerzo de coordinaci\u00f3n\ninterinstitucional da como resultado un trabajo in\u00e9dito, \u201cen el Gobierno del\nEstado velamos por los derechos de la ciudadan\u00eda y refrendamos este compromiso\nal organizar un segundo seminario que dota a los participantes de una formaci\u00f3n\nen derechos humanos tanto en aspectos te\u00f3ricos y pr\u00e1cticos, para erradicar de\nlas barandillas municipales cualquier tipo de discriminaci\u00f3n\u201d.\n\nEl seminario se\nestar\u00e1 realizando pr\u00f3ximamente los d\u00edas 14, 21 y 28 de junio en el aula G de la\nUniversidad Aut\u00f3noma de San Luis Potos\u00ed, campus Ciudad Valles. En el evento\nestuvieron presentes, el Director de Educaci\u00f3n y Capacitaci\u00f3n de la CEDH, Sergio\nAlfredo Montoya Sierra, el Regidor de Ciudad Valles, Manuel Valdez Pe\u00f1a y el\nCoordinador Estatal de CEFIM, Luis Gerardo Aldaco Ortega. \n\n\n\n<\/p>\n","protected":false},"excerpt":{"rendered":"<p>Inici\u00f3 este 7 de junio y continuar\u00e1 los d\u00edas 14, 21 y 28 de junio. Participar\u00e1n 20 municipios de la<\/p>\n","protected":false},"author":2,"featured_media":25526,"comment_status":"open","ping_status":"open","sticky":false,"template":"","format":"standard","meta":[],"categories":[1],"tags":[],"_links":{"self":[{"href":"https:\/\/www.radiodigitaltamazunchale.com\/landing\/wp-json\/wp\/v2\/posts\/25524"}],"collection":[{"href":"https:\/\/www.radiodigitaltamazunchale.com\/landing\/wp-json\/wp\/v2\/posts"}],"about":[{"href":"https:\/\/www.radiodigitaltamazunchale.com\/landing\/wp-json\/wp\/v2\/types\/post"}],"author":[{"embeddable":true,"href":"https:\/\/www.radiodigitaltamazunchale.com\/landing\/wp-json\/wp\/v2\/users\/2"}],"replies":[{"embeddable":true,"href":"https:\/\/www.radiodigitaltamazunchale.com\/landing\/wp-json\/wp\/v2\/comments?post=25524"}],"version-history":[{"count":1,"href":"https:\/\/www.radiodigitaltamazunchale.com\/landing\/wp-json\/wp\/v2\/posts\/25524\/revisions"}],"predecessor-version":[{"id":25527,"href":"https:\/\/www.radiodigitaltamazunchale.com\/landing\/wp-json\/wp\/v2\/posts\/25524\/revisions\/25527"}],"wp:featuredmedia":[{"embeddable":true,"href":"https:\/\/www.radiodigitaltamazunchale.com\/landing\/wp-json\/wp\/v2\/media\/25526"}],"wp:attachment":[{"href":"https:\/\/www.radiodigitaltamazunchale.com\/landing\/wp-json\/wp\/v2\/media?parent=25524"}],"wp:term":[{"taxonomy":"category","embeddable":true,"href":"https:\/\/www.radiodigitaltamazunchale.com\/landing\/wp-json\/wp\/v2\/categories?post=25524"},{"taxonomy":"post_tag","embeddable":true,"href":"https:\/\/www.radiodigitaltamazunchale.com\/landing\/wp-json\/wp\/v2\/tags?post=25524"}],"curies":[{"name":"wp","href":"https:\/\/api.w.org\/{rel}","templated":true}]}}