{"id":25528,"date":"2019-06-08T11:05:43","date_gmt":"2019-06-08T17:05:43","guid":{"rendered":"http:\/\/www.radiodigitaltamazunchale.com\/landing\/?p=25528"},"modified":"2019-06-08T11:05:44","modified_gmt":"2019-06-08T17:05:44","slug":"oficialia-mayor-ofrecera-curso-atencion-al-publico-a-trabajadores-de-gobierno-del-estado","status":"publish","type":"post","link":"https:\/\/www.radiodigitaltamazunchale.com\/landing\/uncategorized\/oficialia-mayor-ofrecera-curso-atencion-al-publico-a-trabajadores-de-gobierno-del-estado\/","title":{"rendered":"OFICIAL\u00cdA MAYOR OFRECER\u00c1 CURSO \u201cATENCI\u00d3N AL P\u00daBLICO\u201d A TRABAJADORES DE GOBIERNO DEL ESTADO"},"content":{"rendered":"\n<ul><li><strong>Este curso se desarrollar\u00e1 en dos fechas a elegir, del 10 al 14\n     de junio y del 24 al 28 de junio. <\/strong><\/li><\/ul>\n\n\n\n<p>Con el prop\u00f3sito de identificar las funciones,\ntareas, destrezas, habilidades y actitudes que los servidores p\u00fablicos deben de\ndesarrollar para atender con calidad a la ciudadan\u00eda, la Oficial\u00eda Mayor de\nGobierno del Estado, a trav\u00e9s de la Direcci\u00f3n de Desarrollo Humano, ofrecer\u00e1\npara este mes de junio el curso llamado \u201cAtenci\u00f3n al P\u00fablico\u201d, inform\u00f3 la\ntitular de esta dependencia, Ada Amelia Andrade Contreras. <\/p>\n\n\n\n<p>Detall\u00f3 que el curso tiene dos fechas, el primero\ndel 10 al 14 de junio, de 15:30 a 17:30 horas, en la sala Audiovisual de la\nDirecci\u00f3n de Desarrollo Humano, ubicada en General I Mart\u00ednez no. 1275 Col. Los\n\u00c1ngeles, y ser\u00e1 aplicado por la instructora Guadalupe P\u00e9rez Vigna. <\/p>\n\n\n\n<p>El segundo curso se efectuar\u00e1 del 24 al 28 de\njunio, en un horario de 17:00 a 19:00 horas, tambi\u00e9n en la sala de Audiovisual\nde Desarrollo Humano, y ser\u00e1 implementado por Juan Carlos Ch\u00e1vez Guadarrama,\neducador de esta Direcci\u00f3n, por lo que invita a las y los servidores p\u00fablicos\nde la administraci\u00f3n estatal para que participen en este curso que les\npermitir\u00e1 perfeccionar los servicios que ofrecen a la ciudadan\u00eda.<\/p>\n\n\n\n<p>Los capacitadores analizar\u00e1n con los\nparticipantes los siguientes puntos: Generar empat\u00eda (cuidado con los gestos,\nlenguaje facial-corporal); en&nbsp; dar un\n\u201cbuenos d\u00edas\u201d, \u201cbuenas tardes\u201d, en brindar un saludo sincero; en recibir de\ninmediato al ciudadano&nbsp; tratarlo con\nrespeto; no tutear, dar la mano con firmeza, seguridad, pero sobre todo\ncalidez; repetir lo que solicita para mostrar inter\u00e9s en lo requerido; desde\nluego, ni qu\u00e9 decir de la rapidez en la atenci\u00f3n, y finalmente, si la\nciudadan\u00eda debe esperar, en no olvidar entregarle una revista o un cat\u00e1logo.<\/p>\n\n\n\n<p>La titular de la Oficial\u00eda Mayor explic\u00f3 que,\neste gobierno busca que la capacitaci\u00f3n se convierta en unos de los pilares de\nla administraci\u00f3n, al profesionalizar los recursos humanos, implementando\nesquemas permanentes de preparaci\u00f3n de acuerdo a las \u00e1reas de desempe\u00f1o en las\ninstituciones p\u00fablicas.<\/p>\n","protected":false},"excerpt":{"rendered":"<p>Este curso se desarrollar\u00e1 en dos fechas a elegir, del 10 al 14 de junio y del 24 al 28<\/p>\n","protected":false},"author":2,"featured_media":25529,"comment_status":"open","ping_status":"open","sticky":false,"template":"","format":"standard","meta":[],"categories":[1],"tags":[],"_links":{"self":[{"href":"https:\/\/www.radiodigitaltamazunchale.com\/landing\/wp-json\/wp\/v2\/posts\/25528"}],"collection":[{"href":"https:\/\/www.radiodigitaltamazunchale.com\/landing\/wp-json\/wp\/v2\/posts"}],"about":[{"href":"https:\/\/www.radiodigitaltamazunchale.com\/landing\/wp-json\/wp\/v2\/types\/post"}],"author":[{"embeddable":true,"href":"https:\/\/www.radiodigitaltamazunchale.com\/landing\/wp-json\/wp\/v2\/users\/2"}],"replies":[{"embeddable":true,"href":"https:\/\/www.radiodigitaltamazunchale.com\/landing\/wp-json\/wp\/v2\/comments?post=25528"}],"version-history":[{"count":1,"href":"https:\/\/www.radiodigitaltamazunchale.com\/landing\/wp-json\/wp\/v2\/posts\/25528\/revisions"}],"predecessor-version":[{"id":25530,"href":"https:\/\/www.radiodigitaltamazunchale.com\/landing\/wp-json\/wp\/v2\/posts\/25528\/revisions\/25530"}],"wp:featuredmedia":[{"embeddable":true,"href":"https:\/\/www.radiodigitaltamazunchale.com\/landing\/wp-json\/wp\/v2\/media\/25529"}],"wp:attachment":[{"href":"https:\/\/www.radiodigitaltamazunchale.com\/landing\/wp-json\/wp\/v2\/media?parent=25528"}],"wp:term":[{"taxonomy":"category","embeddable":true,"href":"https:\/\/www.radiodigitaltamazunchale.com\/landing\/wp-json\/wp\/v2\/categories?post=25528"},{"taxonomy":"post_tag","embeddable":true,"href":"https:\/\/www.radiodigitaltamazunchale.com\/landing\/wp-json\/wp\/v2\/tags?post=25528"}],"curies":[{"name":"wp","href":"https:\/\/api.w.org\/{rel}","templated":true}]}}