{"id":25553,"date":"2019-06-08T09:17:47","date_gmt":"2019-06-08T15:17:47","guid":{"rendered":"http:\/\/www.radiodigitaltamazunchale.com\/landing\/?p=25553"},"modified":"2019-06-09T09:18:06","modified_gmt":"2019-06-09T15:18:06","slug":"jm-carreras-respalda-posicionamiento-de-amlo-en-tijuana","status":"publish","type":"post","link":"https:\/\/www.radiodigitaltamazunchale.com\/landing\/uncategorized\/jm-carreras-respalda-posicionamiento-de-amlo-en-tijuana\/","title":{"rendered":"JM CARRERAS RESPALDA POSICIONAMIENTO DE AMLO EN TIJUANA"},"content":{"rendered":"\n<ul><li><strong>El Gobierno de SLP trabajar\u00e1 en coordinaci\u00f3n con la Federaci\u00f3n para mantener\nel crecimiento del pa\u00eds.<\/strong><strong><\/strong><\/li><\/ul>\n\n\n\n<p>Tijuana, BC.- El Gobernador del Estado de San Luis Potos\u00ed, Juan Manuel\nCarreras L\u00f3pez, en compa\u00f1\u00eda de otros mandatarios del pa\u00eds, respald\u00f3 el\nposicionamiento del Presidente de M\u00e9xico, Andr\u00e9s Manuel L\u00f3pez Obrador, para mantener\nsiempre un di\u00e1logo abierto con Estados Unidos, y buscar los consensos y\nacuerdos que permitan convivir fraternalmente a los dos pa\u00edses.<\/p>\n\n\n\n<p>Se\u00f1al\u00f3\nque ante el contexto nacional y en la relaci\u00f3n diplom\u00e1tica bilateral, es\nnecesario trabajar en unidad para continuar como un pa\u00eds atractivo para nuevas\ninversiones, as\u00ed como cuidar las fuentes de empleo y la econom\u00eda de los estados\nmexicanos.<\/p>\n\n\n\n<p>Carreras L\u00f3pez reiter\u00f3 el respaldo del Gobierno de San Luis Potos\u00ed en\ntorno al momento tan importante que viven ambas naciones, para que las decisiones\nque se tomen est\u00e9n siempre guiadas por el entendimiento y convivencia pac\u00edfica, a fin de evitar que se impongan aranceles progresivos a las importaciones\nmexicanas, que afecten la calidad de vida de la poblaci\u00f3n.<\/p>\n\n\n\n<p>En su\nmensaje, Andr\u00e9s Manuel L\u00f3pez Obrador destac\u00f3 que la historia de los dos pa\u00edses\nest\u00e1 \u00edntimamente ligada al crecimiento mutuo de los sectores industrial,\nsocial, comercial y pol\u00edtico, aspectos que se vieron consolidados con la firma\ndel Tratado de Libre Comercio de Am\u00e9rica del Norte, en el que M\u00e9xico, Estados\nUnidos y Canad\u00e1, conforman uno de los bloques econ\u00f3micos m\u00e1s fuertes del mundo.<\/p>\n\n\n\n<p>Consider\u00f3 que la decisi\u00f3n tomada por Estados\nUnidos, de imponer aranceles a productos importados desde\nnuestro pa\u00eds, tendr\u00eda un impacto negativo en las inversiones, fuentes de empleo\ny econom\u00eda de ambas naciones.<\/p>\n\n\n\n<p>L\u00f3pez Obrador indic\u00f3 que, migrar no es una situaci\u00f3n opcional de las\npersonas, sino que se debe a condiciones de inseguridad, pobreza o falta de\nempleo en pa\u00edses centroamericanos y regiones marginadas de M\u00e9xico, y lo m\u00e1s\napegado al respeto a los Derechos Humanos es combatir esa falta de\noportunidades, sin embargo, para ello es indispensable la participaci\u00f3n de\notros pa\u00edses desarrollados.<\/p>\n\n\n\n<p>\u201cAprovechamos para decirle al pueblo estadounidense que no abrigamos, ni\nabrigaremos intenci\u00f3n alguna de perjudicarlo y estamos resueltos a colaborar\ncon \u00e9l, en todos los \u00e1mbitos, especialmente ante la preocupaci\u00f3n que suscita el\nflujo migratorio hacia su pa\u00eds\u201d, expres\u00f3.<\/p>\n\n\n\n<p>Durante el acto p\u00fablico, el Secretario de Relaciones Exteriores, Marcelo\nEbrard Casaubon, explic\u00f3 que la negociaci\u00f3n entre ambos pa\u00edses lleg\u00f3 a buenos\nt\u00e9rminos, por lo que la estabilidad social se encuentra garantizada y la\nreestructuraci\u00f3n del Nuevo Tratado de Libre Comercio puede llevarse a cabo en\nlos t\u00e9rminos que ha avanzado hasta el momento.<\/p>\n\n\n\n<p>Coment\u00f3 que entre los acuerdos consensados se registrar\u00e1 a las personas\nen situaci\u00f3n de migraci\u00f3n, para poder proteger el respeto a sus derechos\nhumanos en su tr\u00e1nsito por el territorio nacional, adem\u00e1s del env\u00edo de la\nGuardia Nacional a la frontera sur, y adelant\u00f3 que M\u00e9xico recibir\u00e1 a 8 mil\npersonas procedentes de Estados Unidos, mientras se define su situaci\u00f3n\nmigratoria.<\/p>\n\n\n\n<p>Estuvieron presentes los gobernadores de Chiapas, Rutilio Escand\u00f3n\nCadenas; Coahuila, Miguel \u00c1ngel Riquelme Sol\u00eds; la Jefa de Gobierno de la\nCiudad de M\u00e9xico, Claudia Sheinbaum; de Durango, Jos\u00e9 Rosas Aispuro; de\nQuer\u00e9taro, Francisco Dom\u00ednguez Servi\u00e9n; de Nuevo Le\u00f3n, Jaime Rodr\u00edguez Calder\u00f3n;\nde Sinaloa, Quirino Ordaz Coppel; de Sonora, Claudia Artemiza Pavlovich\nArellano; del Estado De M\u00e9xico, Alfredo del Mazo Maza; de Jalisco, Enrique\nAlfaro Ram\u00edrez; de Zacatecas, Alejandro Tello Cristerna; de Hidalgo, Omar Fayad\nMeneses; entre otros.<\/p>\n\n\n\n<p>Adem\u00e1s del Secretario de Marina, Jos\u00e9 Rafael Ojeda Dur\u00e1n; el Secretario\nde la Defensa Nacional, Luis Cresencio Sandoval; la Secretaria de Gobernaci\u00f3n, Olga\nS\u00e1nchez Cordero; la Secretaria de Econom\u00eda, Graciela M\u00e1rquez Col\u00edn; el presidente\nde la C\u00e1mara de Diputados, Porfirio Mu\u00f1oz Ledo; el presidente del Consejo Coordinador\nEmpresarial, Carlos Salazar Lomel\u00edn; el presidente municipal de Tijuana,&nbsp; Juan Manuel Castellum; el sacerdote cat\u00f3lico,\nAlejandro Solalinde; la representante de las comunidades ind\u00edgenas, Amalia\nTello Torralba;, entre otros l\u00edderes de opini\u00f3n, dirigentes de c\u00e1maras\nempresariales, representantes de diferentes sectores de la sociedad y miembros\ndel gabinete federal.<\/p>\n","protected":false},"excerpt":{"rendered":"<p>El Gobierno de SLP trabajar\u00e1 en coordinaci\u00f3n con la Federaci\u00f3n para mantener el crecimiento del pa\u00eds. Tijuana, BC.- El Gobernador<\/p>\n","protected":false},"author":2,"featured_media":25554,"comment_status":"open","ping_status":"open","sticky":false,"template":"","format":"standard","meta":[],"categories":[1],"tags":[],"_links":{"self":[{"href":"https:\/\/www.radiodigitaltamazunchale.com\/landing\/wp-json\/wp\/v2\/posts\/25553"}],"collection":[{"href":"https:\/\/www.radiodigitaltamazunchale.com\/landing\/wp-json\/wp\/v2\/posts"}],"about":[{"href":"https:\/\/www.radiodigitaltamazunchale.com\/landing\/wp-json\/wp\/v2\/types\/post"}],"author":[{"embeddable":true,"href":"https:\/\/www.radiodigitaltamazunchale.com\/landing\/wp-json\/wp\/v2\/users\/2"}],"replies":[{"embeddable":true,"href":"https:\/\/www.radiodigitaltamazunchale.com\/landing\/wp-json\/wp\/v2\/comments?post=25553"}],"version-history":[{"count":1,"href":"https:\/\/www.radiodigitaltamazunchale.com\/landing\/wp-json\/wp\/v2\/posts\/25553\/revisions"}],"predecessor-version":[{"id":25555,"href":"https:\/\/www.radiodigitaltamazunchale.com\/landing\/wp-json\/wp\/v2\/posts\/25553\/revisions\/25555"}],"wp:featuredmedia":[{"embeddable":true,"href":"https:\/\/www.radiodigitaltamazunchale.com\/landing\/wp-json\/wp\/v2\/media\/25554"}],"wp:attachment":[{"href":"https:\/\/www.radiodigitaltamazunchale.com\/landing\/wp-json\/wp\/v2\/media?parent=25553"}],"wp:term":[{"taxonomy":"category","embeddable":true,"href":"https:\/\/www.radiodigitaltamazunchale.com\/landing\/wp-json\/wp\/v2\/categories?post=25553"},{"taxonomy":"post_tag","embeddable":true,"href":"https:\/\/www.radiodigitaltamazunchale.com\/landing\/wp-json\/wp\/v2\/tags?post=25553"}],"curies":[{"name":"wp","href":"https:\/\/api.w.org\/{rel}","templated":true}]}}