{"id":25595,"date":"2019-06-10T07:41:16","date_gmt":"2019-06-10T13:41:16","guid":{"rendered":"http:\/\/www.radiodigitaltamazunchale.com\/landing\/?p=25595"},"modified":"2019-06-10T07:41:17","modified_gmt":"2019-06-10T13:41:17","slug":"eua-evaluara-en-45-dias-acuerdo-migratorio-a-mexico","status":"publish","type":"post","link":"https:\/\/www.radiodigitaltamazunchale.com\/landing\/uncategorized\/eua-evaluara-en-45-dias-acuerdo-migratorio-a-mexico\/","title":{"rendered":"EUA EVALUARA EN 45 D\u00cdAS ACUERDO MIGRATORIO A M\u00c9XICO"},"content":{"rendered":"\n<p> El canciller Marcelo Ebrard confi\u00f3 en que tengan \u00e9xito las medidas que se propusieron.<\/p>\n\n\n\n<p> El gobierno de M\u00e9xico acord\u00f3 con el de Estados Unidos evaluar en 45 d\u00edas las acciones pactadas para frenar la migraci\u00f3n y por las cuales el presidente Donald Trump suspendi\u00f3 la imposici\u00f3n de aranceles.<\/p>\n\n\n\n<p> El secretario de Relaciones Exteriores, Marcelo Ebrard, inform\u00f3 que el acuerdo contempla que pasado ese tiempo, si no hay resultados favorables, habr\u00eda una nueva mesa de negociaci\u00f3n con el gobierno estadunidense. <\/p>\n\n\n\n<p> \u00abNos comprometimos a que si no tienen \u00e9xito nuestras medidas nos sentarnos a discutir con Guatemala, Panam\u00e1, Brasil, es un sistema regional\u00bb, dijo Ebrard en conferencia de prensa ma\u00f1anera junto al presidente Andr\u00e9s Manuel L\u00f3pez Obrador. <\/p>\n\n\n\n<p><\/p>\n","protected":false},"excerpt":{"rendered":"<p>El canciller Marcelo Ebrard confi\u00f3 en que tengan \u00e9xito las medidas que se propusieron. El gobierno de M\u00e9xico acord\u00f3 con<\/p>\n","protected":false},"author":2,"featured_media":25596,"comment_status":"open","ping_status":"open","sticky":false,"template":"","format":"standard","meta":[],"categories":[1],"tags":[],"_links":{"self":[{"href":"https:\/\/www.radiodigitaltamazunchale.com\/landing\/wp-json\/wp\/v2\/posts\/25595"}],"collection":[{"href":"https:\/\/www.radiodigitaltamazunchale.com\/landing\/wp-json\/wp\/v2\/posts"}],"about":[{"href":"https:\/\/www.radiodigitaltamazunchale.com\/landing\/wp-json\/wp\/v2\/types\/post"}],"author":[{"embeddable":true,"href":"https:\/\/www.radiodigitaltamazunchale.com\/landing\/wp-json\/wp\/v2\/users\/2"}],"replies":[{"embeddable":true,"href":"https:\/\/www.radiodigitaltamazunchale.com\/landing\/wp-json\/wp\/v2\/comments?post=25595"}],"version-history":[{"count":1,"href":"https:\/\/www.radiodigitaltamazunchale.com\/landing\/wp-json\/wp\/v2\/posts\/25595\/revisions"}],"predecessor-version":[{"id":25597,"href":"https:\/\/www.radiodigitaltamazunchale.com\/landing\/wp-json\/wp\/v2\/posts\/25595\/revisions\/25597"}],"wp:featuredmedia":[{"embeddable":true,"href":"https:\/\/www.radiodigitaltamazunchale.com\/landing\/wp-json\/wp\/v2\/media\/25596"}],"wp:attachment":[{"href":"https:\/\/www.radiodigitaltamazunchale.com\/landing\/wp-json\/wp\/v2\/media?parent=25595"}],"wp:term":[{"taxonomy":"category","embeddable":true,"href":"https:\/\/www.radiodigitaltamazunchale.com\/landing\/wp-json\/wp\/v2\/categories?post=25595"},{"taxonomy":"post_tag","embeddable":true,"href":"https:\/\/www.radiodigitaltamazunchale.com\/landing\/wp-json\/wp\/v2\/tags?post=25595"}],"curies":[{"name":"wp","href":"https:\/\/api.w.org\/{rel}","templated":true}]}}