{"id":25601,"date":"2019-06-10T11:27:04","date_gmt":"2019-06-10T17:27:04","guid":{"rendered":"http:\/\/www.radiodigitaltamazunchale.com\/landing\/?p=25601"},"modified":"2019-06-10T11:27:05","modified_gmt":"2019-06-10T17:27:05","slug":"presentaron-platicas-de-concientizacion-sobre-los-tipos-de-violencia-competencias-de-las-autoridades-en-caso-de-violencia-y-derechos-humanos-de-las-mujeres","status":"publish","type":"post","link":"https:\/\/www.radiodigitaltamazunchale.com\/landing\/uncategorized\/presentaron-platicas-de-concientizacion-sobre-los-tipos-de-violencia-competencias-de-las-autoridades-en-caso-de-violencia-y-derechos-humanos-de-las-mujeres\/","title":{"rendered":"PRESENTARON PL\u00c1TICAS DE CONCIENTIZACI\u00d3N SOBRE LOS TIPOS DE VIOLENCIA, COMPETENCIAS DE LAS AUTORIDADES EN CASO DE VIOLENCIA Y DERECHOS HUMANOS DE LAS MUJERES."},"content":{"rendered":"\n<p>El Gobierno de Tamazunchale,  a trav\u00e9s de los departamentos de atenci\u00f3n a la mujer y derechos humanos, llevaron a cabo una pl\u00e1tica con autoridades de diferentes localidades, en la cual se les inform\u00f3 sobre los tipos de violencia en contra de la mujer, esto derivado y en atenci\u00f3n a la alerta de g\u00e9nero emitida hacia el municipio.<\/p>\n\n\n\n<p>La pl\u00e1tica se llev\u00f3 a cabo en este lunes 10 de junio, en el sal\u00f3n de cabildo, a partir de las 9:00 de la ma\u00f1ana, contando con la colaboraci\u00f3n de personal de derechos humanos, atenci\u00f3n a la mujer y seguridad p\u00fablica municipal.<\/p>\n\n\n\n<p>El Presidente Municipal Arq. Juan Antonio Costa Medina ha solicitado que estas pl\u00e1ticas que se realicen de manera peri\u00f3dica con personal del ayuntamiento, autoridades comunales, as\u00ed como p\u00fablico en general, todo ello de forma que se pueda contribuir a una sociedad mejor informada y a su vez esto se refleje en una disminuci\u00f3n de los niveles de violencia en contra de la mujer.<\/p>\n","protected":false},"excerpt":{"rendered":"<p>El Gobierno de Tamazunchale, a trav\u00e9s de los departamentos de atenci\u00f3n a la mujer y derechos humanos, llevaron a cabo<\/p>\n","protected":false},"author":2,"featured_media":25602,"comment_status":"open","ping_status":"open","sticky":false,"template":"","format":"standard","meta":[],"categories":[1],"tags":[],"_links":{"self":[{"href":"https:\/\/www.radiodigitaltamazunchale.com\/landing\/wp-json\/wp\/v2\/posts\/25601"}],"collection":[{"href":"https:\/\/www.radiodigitaltamazunchale.com\/landing\/wp-json\/wp\/v2\/posts"}],"about":[{"href":"https:\/\/www.radiodigitaltamazunchale.com\/landing\/wp-json\/wp\/v2\/types\/post"}],"author":[{"embeddable":true,"href":"https:\/\/www.radiodigitaltamazunchale.com\/landing\/wp-json\/wp\/v2\/users\/2"}],"replies":[{"embeddable":true,"href":"https:\/\/www.radiodigitaltamazunchale.com\/landing\/wp-json\/wp\/v2\/comments?post=25601"}],"version-history":[{"count":1,"href":"https:\/\/www.radiodigitaltamazunchale.com\/landing\/wp-json\/wp\/v2\/posts\/25601\/revisions"}],"predecessor-version":[{"id":25603,"href":"https:\/\/www.radiodigitaltamazunchale.com\/landing\/wp-json\/wp\/v2\/posts\/25601\/revisions\/25603"}],"wp:featuredmedia":[{"embeddable":true,"href":"https:\/\/www.radiodigitaltamazunchale.com\/landing\/wp-json\/wp\/v2\/media\/25602"}],"wp:attachment":[{"href":"https:\/\/www.radiodigitaltamazunchale.com\/landing\/wp-json\/wp\/v2\/media?parent=25601"}],"wp:term":[{"taxonomy":"category","embeddable":true,"href":"https:\/\/www.radiodigitaltamazunchale.com\/landing\/wp-json\/wp\/v2\/categories?post=25601"},{"taxonomy":"post_tag","embeddable":true,"href":"https:\/\/www.radiodigitaltamazunchale.com\/landing\/wp-json\/wp\/v2\/tags?post=25601"}],"curies":[{"name":"wp","href":"https:\/\/api.w.org\/{rel}","templated":true}]}}