{"id":25651,"date":"2019-06-11T07:48:20","date_gmt":"2019-06-11T13:48:20","guid":{"rendered":"http:\/\/www.radiodigitaltamazunchale.com\/landing\/?p=25651"},"modified":"2019-06-12T08:52:14","modified_gmt":"2019-06-12T14:52:14","slug":"se-suma-gobierno-del-estado-a-la-alianza-por-la-ciudad","status":"publish","type":"post","link":"https:\/\/www.radiodigitaltamazunchale.com\/landing\/uncategorized\/se-suma-gobierno-del-estado-a-la-alianza-por-la-ciudad\/","title":{"rendered":"SE SUMA GOBIERNO DEL ESTADO A LA \u201cALIANZA POR LA CIUDAD\u201d"},"content":{"rendered":"\n<ul><li><strong>El Secretario General,\nAlejandro Leal Tov\u00edas destaca la inclusi\u00f3n y el compromiso del Ayuntamiento de\nSLP<\/strong><\/li><\/ul>\n\n\n\n<p><br>\n<br>\nEn el marco de la\n\u201cAlianza por la Ciudad\u201d que present\u00f3 este d\u00eda el Ayuntamiento de San Luis\nPotos\u00ed,&nbsp; el Secretario General de Gobierno del Estado, Alejandro Leal\nTov\u00edas destac\u00f3 que la autoridad estatal se suma a este proyecto mediante el\ncual, a trav\u00e9s del di\u00e1logo, la inclusi\u00f3n y la aportaci\u00f3n de distintas voces y\nposturas, \u201cse construir\u00e1 una ciudad con una visi\u00f3n a futuro\u201d.<\/p>\n\n\n\n<p><br>\nReconoci\u00f3 la labor del\nPresidente Municipal, Xavier Nava Palacios, as\u00ed como de su Gabinete \u201cpor este\ngran proyecto de la Alianza por la Ciudad, porque sabemos que es un esfuerzo\nmuy comprometido por parte de la ciudadan\u00eda, porque dicha Alianza implica la\nenerg\u00eda y la fuerza de todos\u201d.<\/p>\n\n\n\n<p><br>\nIgualmente, resalt\u00f3 el\nrespaldo de esta iniciativa incluyente y participativa promovida por el\nGobierno de la capital, por parte de la ONU-H\u00e1bitat y la Secretar\u00eda Desarrollo\nAgrario, Territorial y Urbano (SEDATU), \u201cpor lo que el Gobierno del Estado ve\ncon benepl\u00e1cito este proyecto y se suma a estas acciones, que nadie antes hab\u00eda\ntomado la decisi\u00f3n de tomar en cuenta estos temas de planeaci\u00f3n y desarrollo\npara poner orden\u201d.<\/p>\n\n\n\n<p><br>\nFinalmente, Alejandro\nLeal Tov\u00edas felicit\u00f3 a los integrantes del Consejo Municipal de Desarrollo\nUrbano y Vivienda, a quienes exhort\u00f3 igualmente a anteponer siempre los\nintereses de la ciudad y de la poblaci\u00f3n, a fin de traer beneficios no s\u00f3lo\npara la capital, sino para el resto del Estado.<\/p>\n","protected":false},"excerpt":{"rendered":"<p>El Secretario General, Alejandro Leal Tov\u00edas destaca la inclusi\u00f3n y el compromiso del Ayuntamiento de SLP En el marco de<\/p>\n","protected":false},"author":2,"featured_media":25652,"comment_status":"open","ping_status":"open","sticky":false,"template":"","format":"standard","meta":[],"categories":[1],"tags":[],"_links":{"self":[{"href":"https:\/\/www.radiodigitaltamazunchale.com\/landing\/wp-json\/wp\/v2\/posts\/25651"}],"collection":[{"href":"https:\/\/www.radiodigitaltamazunchale.com\/landing\/wp-json\/wp\/v2\/posts"}],"about":[{"href":"https:\/\/www.radiodigitaltamazunchale.com\/landing\/wp-json\/wp\/v2\/types\/post"}],"author":[{"embeddable":true,"href":"https:\/\/www.radiodigitaltamazunchale.com\/landing\/wp-json\/wp\/v2\/users\/2"}],"replies":[{"embeddable":true,"href":"https:\/\/www.radiodigitaltamazunchale.com\/landing\/wp-json\/wp\/v2\/comments?post=25651"}],"version-history":[{"count":1,"href":"https:\/\/www.radiodigitaltamazunchale.com\/landing\/wp-json\/wp\/v2\/posts\/25651\/revisions"}],"predecessor-version":[{"id":25653,"href":"https:\/\/www.radiodigitaltamazunchale.com\/landing\/wp-json\/wp\/v2\/posts\/25651\/revisions\/25653"}],"wp:featuredmedia":[{"embeddable":true,"href":"https:\/\/www.radiodigitaltamazunchale.com\/landing\/wp-json\/wp\/v2\/media\/25652"}],"wp:attachment":[{"href":"https:\/\/www.radiodigitaltamazunchale.com\/landing\/wp-json\/wp\/v2\/media?parent=25651"}],"wp:term":[{"taxonomy":"category","embeddable":true,"href":"https:\/\/www.radiodigitaltamazunchale.com\/landing\/wp-json\/wp\/v2\/categories?post=25651"},{"taxonomy":"post_tag","embeddable":true,"href":"https:\/\/www.radiodigitaltamazunchale.com\/landing\/wp-json\/wp\/v2\/tags?post=25651"}],"curies":[{"name":"wp","href":"https:\/\/api.w.org\/{rel}","templated":true}]}}