{"id":25675,"date":"2019-06-12T14:01:19","date_gmt":"2019-06-12T20:01:19","guid":{"rendered":"http:\/\/www.radiodigitaltamazunchale.com\/landing\/?p=25675"},"modified":"2019-06-12T14:01:21","modified_gmt":"2019-06-12T20:01:21","slug":"este-fin-de-semana-la-osslp-estrena-mundialmente-el-cuarto-concierto-para-cello-de-samuel-maynez","status":"publish","type":"post","link":"https:\/\/www.radiodigitaltamazunchale.com\/landing\/uncategorized\/este-fin-de-semana-la-osslp-estrena-mundialmente-el-cuarto-concierto-para-cello-de-samuel-maynez\/","title":{"rendered":"ESTE FIN DE SEMANA LA OSSLP ESTRENA MUNDIALMENTE EL CUARTO CONCIERTO PARA CELLO, DE SAMUEL M\u00c1YNEZ"},"content":{"rendered":"\n<p>La Orquesta Sinf\u00f3nica de San\nLuis Potos\u00ed, bajo la direcci\u00f3n del maestro Jos\u00e9 Miramontes, estrenar\u00e1 este fin\nde semana en el Teatro de la Paz, el Cuarto Concierto para Cello en Mi menor, obra\nde uno de los compositores actuales m\u00e1s\nsobresalientes de la escena musical de M\u00e9xico, el Mtro. Samuel Jorge M\u00e1ynez\nVidal. <\/p>\n\n\n\n<p>Este evento que\nse realizar\u00e1 el viernes 14 y domingo 16 de junio a las 21:00 y 12:30 h\nrespectivamente, forma parte de la Temporada de Conciertos primavera-verano\n2019, y tendr\u00e1 como solista al cellista principal de la\norquesta, el Mtro. Roberto G\u00f3mez Arg\u00fcelles.<\/p>\n\n\n\n<p>Instrumentista, catedr\u00e1tico y\ncompositor nacido en la Ciudad de M\u00e9xico en 1962, Samuel M\u00e1ynez proviene de una\nfamilia de m\u00fasicos y cuenta con una vasta producci\u00f3n musical para orquesta,\nentre la que destaca su obra para violoncello, que goza del reconocimiento y\nprestigio internacional por la variedad de recursos t\u00e9cnicos y expresivos que\nofrece, plasmando un sello con identidad nacionalista.<\/p>\n\n\n\n<p>El Cuarto Concierto para\nCello, M\u00e1ynez Vidal lo dedica al Mtro. Roberto G\u00f3mez Arg\u00fcelles, atrilista\nprincipal de su secci\u00f3n en la OSSLP, por su \u201ccapacidad, virtuosismo, tenacidad\ne inquietud\u201d, seg\u00fan palabras del propio compositor, quien agrega que con su\nestilo compositivo \u201crompe con los g\u00e9neros musicales puros\u201d dando un tratamiento\ncl\u00e1sico a un tango o danz\u00f3n, por ejemplo. <\/p>\n\n\n\n<p>En estos conciertos de fin de\nsemana tambi\u00e9n se contar\u00e1 con la participaci\u00f3n de los maestros Chinguiz Mamedov\n(viola), y Leopoldo M\u00e1rquez (clarinete) quienes interpretar\u00e1n el Doble\nconcierto para Viola y Clarinete, de Max Bruch.&nbsp;\n<\/p>\n\n\n\n<p>Los\nboletos para estos conciertos ya est\u00e1n a la venta en las taquillas del Teatro\nde la Paz y a trav\u00e9s de <a href=\"http:\/\/www.ticketmania.mx\">www.ticketmania.mx<\/a><\/p>\n","protected":false},"excerpt":{"rendered":"<p>La Orquesta Sinf\u00f3nica de San Luis Potos\u00ed, bajo la direcci\u00f3n del maestro Jos\u00e9 Miramontes, estrenar\u00e1 este fin de semana en<\/p>\n","protected":false},"author":2,"featured_media":25676,"comment_status":"open","ping_status":"open","sticky":false,"template":"","format":"standard","meta":[],"categories":[1],"tags":[],"_links":{"self":[{"href":"https:\/\/www.radiodigitaltamazunchale.com\/landing\/wp-json\/wp\/v2\/posts\/25675"}],"collection":[{"href":"https:\/\/www.radiodigitaltamazunchale.com\/landing\/wp-json\/wp\/v2\/posts"}],"about":[{"href":"https:\/\/www.radiodigitaltamazunchale.com\/landing\/wp-json\/wp\/v2\/types\/post"}],"author":[{"embeddable":true,"href":"https:\/\/www.radiodigitaltamazunchale.com\/landing\/wp-json\/wp\/v2\/users\/2"}],"replies":[{"embeddable":true,"href":"https:\/\/www.radiodigitaltamazunchale.com\/landing\/wp-json\/wp\/v2\/comments?post=25675"}],"version-history":[{"count":1,"href":"https:\/\/www.radiodigitaltamazunchale.com\/landing\/wp-json\/wp\/v2\/posts\/25675\/revisions"}],"predecessor-version":[{"id":25677,"href":"https:\/\/www.radiodigitaltamazunchale.com\/landing\/wp-json\/wp\/v2\/posts\/25675\/revisions\/25677"}],"wp:featuredmedia":[{"embeddable":true,"href":"https:\/\/www.radiodigitaltamazunchale.com\/landing\/wp-json\/wp\/v2\/media\/25676"}],"wp:attachment":[{"href":"https:\/\/www.radiodigitaltamazunchale.com\/landing\/wp-json\/wp\/v2\/media?parent=25675"}],"wp:term":[{"taxonomy":"category","embeddable":true,"href":"https:\/\/www.radiodigitaltamazunchale.com\/landing\/wp-json\/wp\/v2\/categories?post=25675"},{"taxonomy":"post_tag","embeddable":true,"href":"https:\/\/www.radiodigitaltamazunchale.com\/landing\/wp-json\/wp\/v2\/tags?post=25675"}],"curies":[{"name":"wp","href":"https:\/\/api.w.org\/{rel}","templated":true}]}}