{"id":25812,"date":"2019-06-16T12:39:17","date_gmt":"2019-06-16T18:39:17","guid":{"rendered":"http:\/\/www.radiodigitaltamazunchale.com\/landing\/?p=25812"},"modified":"2019-06-27T11:17:20","modified_gmt":"2019-06-27T17:17:20","slug":"desde-la-presuncion-de-maternidad-o-paternidad-el-juez-podra-establecer-pension-alimenticia-como-una-medida-de-proteccion-a-favor-del-descendiente","status":"publish","type":"post","link":"https:\/\/www.radiodigitaltamazunchale.com\/landing\/uncategorized\/desde-la-presuncion-de-maternidad-o-paternidad-el-juez-podra-establecer-pension-alimenticia-como-una-medida-de-proteccion-a-favor-del-descendiente\/","title":{"rendered":"DESDE LA PRESUNCI\u00d3N DE MATERNIDAD O PATERNIDAD, EL JUEZ PODR\u00c1 ESTABLECER PENSI\u00d3N ALIMENTICIA COMO UNA MEDIDA DE PROTECCI\u00d2N A FAVOR DEL DESCENDIENTE"},"content":{"rendered":"\n<p><strong>EL\nLEGISLADOR RICARDO VILLARREAL LOO PRESENT\u00d3 INICIATIVA DE REFORMA AL C\u00d3DIGO\nFAMILIAR<\/strong><\/p>\n\n\n\n<p>El diputado Ricardo Villarreal Loo propuso reformar el\nart\u00edculo 235 del C\u00f3digo Familiar para el Estado de San Luis Potos\u00ed, con el\nobjetivo de asentar que se debe disponer que desde que quede establecida la\npresunci\u00f3n de maternidad o paternidad, el Juez pueda establecer pensi\u00f3n\nalimenticia como una medida de protecci\u00f3n a favor del pretendido descendiente,\na cargo del presunto progenitor o progenitora, as\u00ed como eliminar las\njustificaciones para no realizar la prueba de ADN, en casos de reconocimiento\nde descendientes, a favor del inter\u00e9s superior de los menores. <\/p>\n\n\n\n<p>Con esta reforma, San Luis Potos\u00ed se\npondr\u00eda a la par de entidades que han incluido disposiciones an\u00e1logas para\nproteger a los menores en estos casos.<\/p>\n\n\n\n<p>En la exposici\u00f3n de motivos de la\niniciativa presentada se se\u00f1ala sobre el tema de las justificaciones para\nevadir la prueba de ADN que es necesario citar que&nbsp; la Suprema Corte de Justicia de la Naci\u00f3n, en\nmarzo del a\u00f1o 2018, emiti\u00f3 la Resoluci\u00f3n de solicitud de Amparo 2944\/2017,\nacerca de un caso en el cual un hombre se negaba a hacerse la prueba de ADN\npara establecer la paternidad, argumentando la violaci\u00f3n al derecho de\nprivacidad. Sobre el cual, la Suprema Corte resolvi\u00f3 que la afectaci\u00f3n al\nderecho a la intimidad era m\u00ednima, y que por otro lado el impacto sobre el\nderecho a la filiaci\u00f3n y a la identidad del descendiente era decisivo,\nrefiriendo entre otras cosas que: <\/p>\n\n\n\n<p>\u201c\u2026la pericial en ADN puede resolver\ndefinitivamente la b\u00fasqueda de una persona por conocer su origen biol\u00f3gico y,\nen esa medida, hacer eficaz el derecho a la identidad en un grado sustancial.\n(\u2026)&nbsp; una prueba de ADN en el contexto\nparticular de un juicio de paternidad no supone una intromisi\u00f3n desmedida,\narbitraria ni irracional para la privacidad de un individuo. En contraste, su\nexclusi\u00f3n puede resultar devastadora para una persona. <\/p>\n\n\n\n<p>De esta forma, en la colisi\u00f3n entre el\nderecho a la intimidad y los de filiaci\u00f3n e identidad, que supuso la solicitud\nde este amparo, se concluy\u00f3 que el primero no resulta violentado; entonces, no\nhay cabida para justificaciones sobre la negativa de realizar la prueba; misma\nque s\u00f3lo debe desembocar en la presunci\u00f3n de paternidad y maternidad. <\/p>\n\n\n\n<p>En lo tocante a la adici\u00f3n de la\npensi\u00f3n alimentaria al mismo art\u00edculo, se trata de una medida para la\nprotecci\u00f3n de los menores. Ya que en la exposici\u00f3n de motivos del C\u00f3digo\nFamiliar, se confirma la intenci\u00f3n del Legislador por \u201cestablecer los\nmecanismos adecuados para garantizar plenamente los derechos alimentarios\u201d,\ncriterio que gu\u00eda la propuesta de esta medida. <\/p>\n\n\n\n<p>La iniciativa del legislador se turn\u00f3 a\nlas comisiones de Justicia; y Derechos Humanos, Igualdad y G\u00e9nero para su\nan\u00e1lisis correspondiente.<\/p>\n","protected":false},"excerpt":{"rendered":"<p>EL LEGISLADOR RICARDO VILLARREAL LOO PRESENT\u00d3 INICIATIVA DE REFORMA AL C\u00d3DIGO FAMILIAR El diputado Ricardo Villarreal Loo propuso reformar el<\/p>\n","protected":false},"author":2,"featured_media":25813,"comment_status":"open","ping_status":"open","sticky":false,"template":"","format":"standard","meta":[],"categories":[1],"tags":[],"_links":{"self":[{"href":"https:\/\/www.radiodigitaltamazunchale.com\/landing\/wp-json\/wp\/v2\/posts\/25812"}],"collection":[{"href":"https:\/\/www.radiodigitaltamazunchale.com\/landing\/wp-json\/wp\/v2\/posts"}],"about":[{"href":"https:\/\/www.radiodigitaltamazunchale.com\/landing\/wp-json\/wp\/v2\/types\/post"}],"author":[{"embeddable":true,"href":"https:\/\/www.radiodigitaltamazunchale.com\/landing\/wp-json\/wp\/v2\/users\/2"}],"replies":[{"embeddable":true,"href":"https:\/\/www.radiodigitaltamazunchale.com\/landing\/wp-json\/wp\/v2\/comments?post=25812"}],"version-history":[{"count":1,"href":"https:\/\/www.radiodigitaltamazunchale.com\/landing\/wp-json\/wp\/v2\/posts\/25812\/revisions"}],"predecessor-version":[{"id":25814,"href":"https:\/\/www.radiodigitaltamazunchale.com\/landing\/wp-json\/wp\/v2\/posts\/25812\/revisions\/25814"}],"wp:featuredmedia":[{"embeddable":true,"href":"https:\/\/www.radiodigitaltamazunchale.com\/landing\/wp-json\/wp\/v2\/media\/25813"}],"wp:attachment":[{"href":"https:\/\/www.radiodigitaltamazunchale.com\/landing\/wp-json\/wp\/v2\/media?parent=25812"}],"wp:term":[{"taxonomy":"category","embeddable":true,"href":"https:\/\/www.radiodigitaltamazunchale.com\/landing\/wp-json\/wp\/v2\/categories?post=25812"},{"taxonomy":"post_tag","embeddable":true,"href":"https:\/\/www.radiodigitaltamazunchale.com\/landing\/wp-json\/wp\/v2\/tags?post=25812"}],"curies":[{"name":"wp","href":"https:\/\/api.w.org\/{rel}","templated":true}]}}