{"id":25815,"date":"2019-06-16T12:46:35","date_gmt":"2019-06-16T18:46:35","guid":{"rendered":"http:\/\/www.radiodigitaltamazunchale.com\/landing\/?p=25815"},"modified":"2019-06-27T11:18:12","modified_gmt":"2019-06-27T17:18:12","slug":"erradicar-la-discriminacion-de-cualquier-tipo-por-razones-de-origen-en-personas-recien-nacidas-objetivo-de-la-iniciativa-de-reforma-a-la-ley-del-registro-civil","status":"publish","type":"post","link":"https:\/\/www.radiodigitaltamazunchale.com\/landing\/uncategorized\/erradicar-la-discriminacion-de-cualquier-tipo-por-razones-de-origen-en-personas-recien-nacidas-objetivo-de-la-iniciativa-de-reforma-a-la-ley-del-registro-civil\/","title":{"rendered":"ERRADICAR LA DISCRIMINACI\u00d3N DE CUALQUIER TIPO POR RAZONES DE ORIGEN EN PERSONAS RECI\u00c9N NACIDAS, OBJETIVO DE LA INICIATIVA DE REFORMA A LA LEY DEL REGISTRO CIVIL"},"content":{"rendered":"\n<p><strong>EL DIPUTADO OSCAR VERA F\u00c1BREGAT PRESENTA\nPROPUESTA PARA PROHIBIR ASENTAR EN EL ACTA DE NACIMIENTO ALGUNA MENCI\u00d3N QUE\nCALIFIQUE LA FILIACI\u00d2N DE LAS PERSONAS<\/strong><\/p>\n\n\n\n<p>Con el objetivo de erradicar cualquier\ntipo de discriminaci\u00f3n por razones de origen de las personas reci\u00e9n nacidas, el diputado\nOscar Carlos Vera Fabregat present\u00f3 una iniciativa de reforma para adicionar al\nart\u00edculo 69 los p\u00e1rrafos segundo y tercero de la Ley del Registro Civil del\nEstado de San Luis Potos\u00ed.<\/p>\n\n\n\n<p>Con la finalidad de establecer que queda\nabsolutamente prohibido asentar en el acta de nacimiento alguna menci\u00f3n que\ncalifique la filiaci\u00f3n de las personas, en forma alguna. <\/p>\n\n\n\n<p>Las palabras \u00abhijo\nleg\u00edtimo\u00bb, \u00abhijo natural\u00bb, \u00abhijo ileg\u00edtimo\u00bb,\n\u00abhijo de padres desconocidos\u00bb, \u00abhijo de padre desconocido\u00bb,\n\u00abhijo de madre desconocida\u00bb, o \u00abhabido como consecuencia de\ncualquier m\u00e9todo de fecundaci\u00f3n humana asistida\u00bb, que se inserten con\ninfracci\u00f3n de este art\u00edculo, se testar\u00e1n de oficio, de manera que queden\nilegibles.&nbsp; <\/p>\n\n\n\n<p>Adem\u00e1s, que el Oficial del Registro Civil que inserte en\nel acta alguna de estas menciones ser\u00e1 sancionado. La primera vez con una multa\npor el equivalente a treinta veces el valor diario de la Unidad de Medida y\nActualizaci\u00f3n, y la segunda con destituci\u00f3n del cargo. <\/p>\n\n\n\n<p>En la exposici\u00f3n de motivos de la iniciativa presentada\nse se\u00f1ala que \u00e9sta es con base en los art\u00edculos 1\u00ba de la Declaraci\u00f3n Universal\nde los Derechos Humanos (1948) que establece que \u201ctodos los seres humanos nacen\nlibres e iguales en dignidad y derechos y dotados como est\u00e1n de raz\u00f3n\u201d; 26 del\nPacto Internacional de Derechos Civiles y Pol\u00edticos (1966) &nbsp;que dispone que \u201ctodas las personas son\niguales ante la ley y tienen derecho sin discriminaci\u00f3n a igual protecci\u00f3n de\nla ley. <\/p>\n\n\n\n<p>A este respecto, la ley prohibir\u00e1 toda discriminaci\u00f3n y\ngarantizar\u00e1 a todas las personas protecci\u00f3n igual y efectiva contra cualquier\ndiscriminaci\u00f3n por motivos de raza, color, sexo, idioma, religi\u00f3n, opiniones\npol\u00edticas o de cualquier \u00edndole, origen nacional o social, posici\u00f3n econ\u00f3mica,\nnacimiento o cualquier otra condici\u00f3n social\u201d; 2\u00ba del Pacto Internacional de\nDerechos Econ\u00f3micos, Sociales y Culturales (1966) al estipular que los Estados\nPartes en el presente Pacto se comprometen a garantizar el ejercicio de los\nderechos que en \u00e9l se enuncian, sin discriminaci\u00f3n alguna por motivos de raza,\ncolor, sexo, idioma, religi\u00f3n, opini\u00f3n pol\u00edtica o de otra \u00edndole, origen\nnacional o social, posici\u00f3n econ\u00f3mica, nacimiento o cualquier otra condici\u00f3n\nsocial\u201d, y 2\u00ba de la Convenci\u00f3n sobre los Derechos del Ni\u00f1o (1989) que confirma\nque&nbsp; los Estados Partes respetar\u00e1n los\nderechos enunciados en la presente Convenci\u00f3n y asegurar\u00e1n su aplicaci\u00f3n a cada\nni\u00f1o sujeto a su jurisdicci\u00f3n, sin distinci\u00f3n alguna, independientemente de la\nraza, el color, el sexo, el idioma, la religi\u00f3n, la opini\u00f3n pol\u00edtica o de otra\n\u00edndole, el origen nacional, \u00e9tnico o social, la posici\u00f3n econ\u00f3mica, los\nimpedimentos f\u00edsicos, el nacimiento o cualquier otra condici\u00f3n del ni\u00f1o, de sus\npadres o de sus representantes legales.<\/p>\n\n\n\n<p>La iniciativa resulta relevante porque de acuerdo a la\n\u00faltima de las convenciones invocadas, los Estados Partes tomar\u00e1n todas las\nmedidas apropiadas para garantizar que el ni\u00f1o se vea protegido contra toda\nforma de discriminaci\u00f3n o castigo por causa de la condici\u00f3n, las actividades,\nlas opiniones expresadas o las creencias de sus padres, o sus tutores o de sus\nfamiliares, a la luz del inter\u00e9s superior del menor, y no de los formalismos\nexcesivos que podr\u00edan surgir cuando se haga el estudio de la propuesta. <\/p>\n\n\n\n<p>La iniciativa del legislador se turn\u00f3\na las comisiones de Justicia y Derechos Humanos, Igualdad y G\u00e9nero para su\nan\u00e1lisis correspondiente.<\/p>\n","protected":false},"excerpt":{"rendered":"<p>EL DIPUTADO OSCAR VERA F\u00c1BREGAT PRESENTA PROPUESTA PARA PROHIBIR ASENTAR EN EL ACTA DE NACIMIENTO ALGUNA MENCI\u00d3N QUE CALIFIQUE LA<\/p>\n","protected":false},"author":2,"featured_media":24076,"comment_status":"open","ping_status":"open","sticky":false,"template":"","format":"standard","meta":[],"categories":[1],"tags":[],"_links":{"self":[{"href":"https:\/\/www.radiodigitaltamazunchale.com\/landing\/wp-json\/wp\/v2\/posts\/25815"}],"collection":[{"href":"https:\/\/www.radiodigitaltamazunchale.com\/landing\/wp-json\/wp\/v2\/posts"}],"about":[{"href":"https:\/\/www.radiodigitaltamazunchale.com\/landing\/wp-json\/wp\/v2\/types\/post"}],"author":[{"embeddable":true,"href":"https:\/\/www.radiodigitaltamazunchale.com\/landing\/wp-json\/wp\/v2\/users\/2"}],"replies":[{"embeddable":true,"href":"https:\/\/www.radiodigitaltamazunchale.com\/landing\/wp-json\/wp\/v2\/comments?post=25815"}],"version-history":[{"count":1,"href":"https:\/\/www.radiodigitaltamazunchale.com\/landing\/wp-json\/wp\/v2\/posts\/25815\/revisions"}],"predecessor-version":[{"id":25817,"href":"https:\/\/www.radiodigitaltamazunchale.com\/landing\/wp-json\/wp\/v2\/posts\/25815\/revisions\/25817"}],"wp:featuredmedia":[{"embeddable":true,"href":"https:\/\/www.radiodigitaltamazunchale.com\/landing\/wp-json\/wp\/v2\/media\/24076"}],"wp:attachment":[{"href":"https:\/\/www.radiodigitaltamazunchale.com\/landing\/wp-json\/wp\/v2\/media?parent=25815"}],"wp:term":[{"taxonomy":"category","embeddable":true,"href":"https:\/\/www.radiodigitaltamazunchale.com\/landing\/wp-json\/wp\/v2\/categories?post=25815"},{"taxonomy":"post_tag","embeddable":true,"href":"https:\/\/www.radiodigitaltamazunchale.com\/landing\/wp-json\/wp\/v2\/tags?post=25815"}],"curies":[{"name":"wp","href":"https:\/\/api.w.org\/{rel}","templated":true}]}}