{"id":25860,"date":"2019-06-18T15:09:30","date_gmt":"2019-06-18T21:09:30","guid":{"rendered":"http:\/\/www.radiodigitaltamazunchale.com\/landing\/?p=25860"},"modified":"2019-06-18T15:09:31","modified_gmt":"2019-06-18T21:09:31","slug":"jm-carreras-refrenda-su-compromiso-con-la-libertad-de-expresion","status":"publish","type":"post","link":"https:\/\/www.radiodigitaltamazunchale.com\/landing\/uncategorized\/jm-carreras-refrenda-su-compromiso-con-la-libertad-de-expresion\/","title":{"rendered":"JM CARRERAS REFRENDA SU COMPROMISO CON LA LIBERTAD DE EXPRESI\u00d3N"},"content":{"rendered":"\n<ul><li><strong>Gobierno estatal atento a propuestas\n     para la transformaci\u00f3n del decreto del Premio Estatal de Periodismo.<\/strong><\/li><li><strong>Expres\u00f3 su completo respeto a la\n     libertad de expresi\u00f3n y a la labor de periodistas.<\/strong><\/li><\/ul>\n\n\n\n<p>El Gobernador del Estado,\nJuan Manuel Carreras L\u00f3pez, reiter\u00f3 su compromiso con el ejercicio de la\nlibertad de expresi\u00f3n, luego de sostener un encuentro con las y los integrantes\ndel comit\u00e9, jurado y ganadores del Premio Estatal de Periodismo 2019.<\/p>\n\n\n\n<p>El titular del Ejecutivo,\nacompa\u00f1ado por el Coordinador de Comunicaci\u00f3n Social, Ra\u00fal Camacho Mu\u00f1oz,\nindic\u00f3 que estar\u00e1 atento a las propuestas que fortalezcan y actualicen el\nPremio Estatal de periodismo, ya que tiene que adecuarse a las nuevas\nplataformas digitales.<\/p>\n\n\n\n<p>Asegur\u00f3 que es una labor\nque debe continuar para fortalecer la democracia, y aprovech\u00f3 la ocasi\u00f3n para\nreiterar su completo respeto a la libertad de expresi\u00f3n y su reconocimiento a\nla tarea de cada uno de los presentes en los medios de comunicaci\u00f3n.<\/p>\n\n\n\n<p>El secretario del jurado\ncalificador, Filiberto Ju\u00e1rez C\u00f3rdova, agradeci\u00f3 a Carreras L\u00f3pez por el\nacercamiento, y expres\u00f3 que siempre es necesaria una buena relaci\u00f3n de las\nautoridades con los medios de comunicaci\u00f3n para el manejo informativo, y los\ngobernantes deben abrirse al buen ejercicio de la libertad de expresi\u00f3n, en\nbeneficio de la ciudadan\u00eda.<\/p>\n\n\n\n<p>Propuso al mandatario, un\nespacio para plantear sus propuestas y opiniones, ya que el Premio Estatal de\nPeriodismo se transform\u00f3 hace 9 a\u00f1os y considera es momento de continuar\ntransform\u00e1ndolo, sobre todo, valorar el periodismo digital y otras expresiones\nde ese tipo, as\u00ed como actualizaci\u00f3n de los g\u00e9neros.<\/p>\n\n\n\n<p>Por su parte, el\nintegrante del jurado calificador, Jos\u00e9 Alem\u00e1n, comparti\u00f3 sus experiencias, y\npropuso la creaci\u00f3n de subcomisiones para categor\u00edas muy especializadas como la\nde cr\u00f3nica deportiva; tambi\u00e9n propuso la posibilidad de entregar un premio para\nplataformas digitales, con candados para que se premie la actividad period\u00edstica\nseria, as\u00ed como la participaci\u00f3n de un solo representante de cada medio de\ncomunicaci\u00f3n, para mayor legitimizaci\u00f3n.<\/p>\n\n\n\n<p>Plante\u00f3 la necesidad de\ncrear un fondo por parte del Ejecutivo Estatal, para apoyo de los trabajadores\nde medios de comunicaci\u00f3n, ya que no cuentan con seguridad social y est\u00e1n en la\norfandad laboral, en caso de padecer alguna eventualidad f\u00edsica.<\/p>\n\n\n\n<p>El ganador al M\u00e9rito\nPeriod\u00edstico, Pedro Cervantes Roque, agradeci\u00f3 al gobernador su cercan\u00eda y\nmanifest\u00f3 su deseo de que la relaci\u00f3n prensa gobierno contin\u00fae siendo\nrespetuosa, y que haya un entendimiento de cada uno de los actores de la\nsociedad que interact\u00faan en beneficio de una comunidad siempre en espera de un\nfuturo mejor.<\/p>\n\n\n\n<p>Participaron en la\nreuni\u00f3n Ernesto Anguiano, Presidente del Comit\u00e9 Organizador del Premio Estatal\nde Periodismo y el Secretario General de Gobierno, Alejandro Leal Tov\u00edas.<\/p>\n","protected":false},"excerpt":{"rendered":"<p>Gobierno estatal atento a propuestas para la transformaci\u00f3n del decreto del Premio Estatal de Periodismo. Expres\u00f3 su completo respeto a<\/p>\n","protected":false},"author":2,"featured_media":25861,"comment_status":"open","ping_status":"open","sticky":false,"template":"","format":"standard","meta":[],"categories":[1],"tags":[],"_links":{"self":[{"href":"https:\/\/www.radiodigitaltamazunchale.com\/landing\/wp-json\/wp\/v2\/posts\/25860"}],"collection":[{"href":"https:\/\/www.radiodigitaltamazunchale.com\/landing\/wp-json\/wp\/v2\/posts"}],"about":[{"href":"https:\/\/www.radiodigitaltamazunchale.com\/landing\/wp-json\/wp\/v2\/types\/post"}],"author":[{"embeddable":true,"href":"https:\/\/www.radiodigitaltamazunchale.com\/landing\/wp-json\/wp\/v2\/users\/2"}],"replies":[{"embeddable":true,"href":"https:\/\/www.radiodigitaltamazunchale.com\/landing\/wp-json\/wp\/v2\/comments?post=25860"}],"version-history":[{"count":1,"href":"https:\/\/www.radiodigitaltamazunchale.com\/landing\/wp-json\/wp\/v2\/posts\/25860\/revisions"}],"predecessor-version":[{"id":25862,"href":"https:\/\/www.radiodigitaltamazunchale.com\/landing\/wp-json\/wp\/v2\/posts\/25860\/revisions\/25862"}],"wp:featuredmedia":[{"embeddable":true,"href":"https:\/\/www.radiodigitaltamazunchale.com\/landing\/wp-json\/wp\/v2\/media\/25861"}],"wp:attachment":[{"href":"https:\/\/www.radiodigitaltamazunchale.com\/landing\/wp-json\/wp\/v2\/media?parent=25860"}],"wp:term":[{"taxonomy":"category","embeddable":true,"href":"https:\/\/www.radiodigitaltamazunchale.com\/landing\/wp-json\/wp\/v2\/categories?post=25860"},{"taxonomy":"post_tag","embeddable":true,"href":"https:\/\/www.radiodigitaltamazunchale.com\/landing\/wp-json\/wp\/v2\/tags?post=25860"}],"curies":[{"name":"wp","href":"https:\/\/api.w.org\/{rel}","templated":true}]}}