{"id":25879,"date":"2019-06-18T07:20:59","date_gmt":"2019-06-18T13:20:59","guid":{"rendered":"http:\/\/www.radiodigitaltamazunchale.com\/landing\/?p=25879"},"modified":"2019-06-19T07:21:45","modified_gmt":"2019-06-19T13:21:45","slug":"gobernador-asiste-a-presentacion-de-nueva-imagen-de-el-sol-de-san-luis","status":"publish","type":"post","link":"https:\/\/www.radiodigitaltamazunchale.com\/landing\/uncategorized\/gobernador-asiste-a-presentacion-de-nueva-imagen-de-el-sol-de-san-luis\/","title":{"rendered":"GOBERNADOR ASISTE A PRESENTACI\u00d3N DE NUEVA IMAGEN DE EL SOL DE SAN LUIS"},"content":{"rendered":"\n<p>Al asistir a la presentaci\u00f3n de la nueva imagen de\nEl Sol de San Luis, el Gobernador del Estado, Juan Manuel Carreras L\u00f3pez,\nreconoci\u00f3 el esfuerzo que ha realizado la casa editorial para adaptarse &nbsp;plataformas electr\u00f3nicas como el radio y redes\nsociales.<\/p>\n\n\n\n<p>El mandatario estatal a\u00f1adi\u00f3 que actualmente el\ngrupo informativo, enfrenta el reto de mantenerse vigente ante las constantes\ntransformaciones que enfrenta en periodismo a nivel mundial.&nbsp; <\/p>\n\n\n\n<p>El Vicepresidente ejecutivo de la Organizaci\u00f3n\nEditorial Mexicana (OEM), Francisco Torres V\u00e1zquez, dijo que con el nuevo\nformato, se busca atraer un balance entre vanguardia editorial y veracidad en\nla informaci\u00f3n, con la finalidad de acercarse a la comunidad a trav\u00e9s del\ndi\u00e1logo entre diferentes voces tanto de la sociedad y las autoridades.<\/p>\n\n\n\n<p>Ricardo Ortega Camberos, Director General de El Sol\nde San Luis, explic\u00f3 que esto representa una evoluci\u00f3n a formato de tabloide, con\npapel de alta calidad, 100 por ciento a color, con mayor tecnolog\u00eda y mejores\ncontenidos.<\/p>\n\n\n\n<p>Asistieron la Directora General Editorial de la\nOEM, Martha Ramos Sosa, el Fiscal General del Estado, Federico Garza Herrera;\nel presidente municipal de San Luis Potos\u00ed, Xavier Nava Palacios; el presidente\nmunicipal de Soledad de Graciano S\u00e1nchez, Gilberto Hern\u00e1ndez Villafuerte; el\ndirector General del Conalep, Mario Garc\u00eda Valdez; la Presidenta de la Junta de\nCoordinaci\u00f3n Pol\u00edtica del Congreso, Sonia Mendoza D\u00edaz; el Presidente del\nSupremo Tribunal de Justicia, Juan Paulo Almaz\u00e1n Cue.<\/p>\n\n\n\n<p>Adem\u00e1s de la presidenta de CANACINTRA, Leticia\nSerment; el presidente de Nuestro Centro, Alberto Narv\u00e1ez Arochi; el Presidente\nde Coparmex, Jaime Chalita Zarur; el Presidente de la UUZI, Ricardo P\u00e9rez\nCastillo, el Rector de la UASLP, Ferm\u00edn Villar Rubio, as\u00ed como otros\nrepresentantes del sector empresarial, de la sociedad civil y dem\u00e1s importantes\ninvitados.<\/p>\n","protected":false},"excerpt":{"rendered":"<p>Al asistir a la presentaci\u00f3n de la nueva imagen de El Sol de San Luis, el Gobernador del Estado, Juan<\/p>\n","protected":false},"author":2,"featured_media":25880,"comment_status":"open","ping_status":"open","sticky":false,"template":"","format":"standard","meta":[],"categories":[1],"tags":[],"_links":{"self":[{"href":"https:\/\/www.radiodigitaltamazunchale.com\/landing\/wp-json\/wp\/v2\/posts\/25879"}],"collection":[{"href":"https:\/\/www.radiodigitaltamazunchale.com\/landing\/wp-json\/wp\/v2\/posts"}],"about":[{"href":"https:\/\/www.radiodigitaltamazunchale.com\/landing\/wp-json\/wp\/v2\/types\/post"}],"author":[{"embeddable":true,"href":"https:\/\/www.radiodigitaltamazunchale.com\/landing\/wp-json\/wp\/v2\/users\/2"}],"replies":[{"embeddable":true,"href":"https:\/\/www.radiodigitaltamazunchale.com\/landing\/wp-json\/wp\/v2\/comments?post=25879"}],"version-history":[{"count":1,"href":"https:\/\/www.radiodigitaltamazunchale.com\/landing\/wp-json\/wp\/v2\/posts\/25879\/revisions"}],"predecessor-version":[{"id":25881,"href":"https:\/\/www.radiodigitaltamazunchale.com\/landing\/wp-json\/wp\/v2\/posts\/25879\/revisions\/25881"}],"wp:featuredmedia":[{"embeddable":true,"href":"https:\/\/www.radiodigitaltamazunchale.com\/landing\/wp-json\/wp\/v2\/media\/25880"}],"wp:attachment":[{"href":"https:\/\/www.radiodigitaltamazunchale.com\/landing\/wp-json\/wp\/v2\/media?parent=25879"}],"wp:term":[{"taxonomy":"category","embeddable":true,"href":"https:\/\/www.radiodigitaltamazunchale.com\/landing\/wp-json\/wp\/v2\/categories?post=25879"},{"taxonomy":"post_tag","embeddable":true,"href":"https:\/\/www.radiodigitaltamazunchale.com\/landing\/wp-json\/wp\/v2\/tags?post=25879"}],"curies":[{"name":"wp","href":"https:\/\/api.w.org\/{rel}","templated":true}]}}