{"id":25887,"date":"2019-06-19T11:48:39","date_gmt":"2019-06-19T17:48:39","guid":{"rendered":"http:\/\/www.radiodigitaltamazunchale.com\/landing\/?p=25887"},"modified":"2019-06-19T11:48:41","modified_gmt":"2019-06-19T17:48:41","slug":"se-aproxima-el-dia-mas-largo-del-ano","status":"publish","type":"post","link":"https:\/\/www.radiodigitaltamazunchale.com\/landing\/uncategorized\/se-aproxima-el-dia-mas-largo-del-ano\/","title":{"rendered":"SE APROXIMA EL D\u00cdA M\u00c1S LARGO DEL A\u00d1O"},"content":{"rendered":"\n<p>&#8211; <br>-El 21 de junio, el astro rey saldr\u00e1 desde las 6:14 horas y se ocultar\u00e1 o antepondr\u00e1 a las 19:27 horas, por lo que tambi\u00e9n ser\u00e1 el d\u00eda m\u00e1s largo del a\u00f1o <\/p>\n\n\n\n<p>Este\u00a0<strong>21 de junio<\/strong>\u00a0ser\u00e1 el\u00a0<strong>d\u00eda m\u00e1s largo del a\u00f1o<\/strong>\u00a0para todas las personas que viven en el\u00a0<strong>hemisferio norte<\/strong>, con el inicio del\u00a0<strong>solsticio de verano.<\/strong>\u00a0La luz del\u00a0<strong>Sol<\/strong>\u00a0durar\u00e1 aproximadamente\u00a0<strong>13 horas y 23 minutos<\/strong>\u00a0 el viernes pr\u00f3ximo, cuando la primavera haya concluido.<\/p>\n\n\n\n<p><strong>El astr\u00f3nomo<\/strong>&nbsp;yucateco&nbsp;<strong>Eddie Salazar Gamboa<\/strong>&nbsp;expuso que el<strong>&nbsp;solsticio de verano<\/strong>iniciar\u00e1 en punto de las 10:55 horas del pr\u00f3ximo viernes, momento en el que el Sol tendr\u00e1 su&nbsp;<strong>mayor desplazamiento<\/strong>&nbsp;hacia el&nbsp;<strong>norte del planeta Tierra.<\/strong><\/p>\n\n\n\n<p>Sin embargo, ese mismo d\u00eda, el\u00a0<strong>astro rey saldr\u00e1 desde las 6:14 horas<\/strong>\u00a0y se ocultar\u00e1 o antepondr\u00e1 a las<strong>\u00a019:27 horas<\/strong>, por lo que tambi\u00e9n ser\u00e1 el d\u00eda m\u00e1s largo del a\u00f1o, explic\u00f3 el tambi\u00e9n acad\u00e9mico del Instituto Tecnol\u00f3gico de M\u00e9rida.<\/p>\n\n\n\n<p>Esto se debe a que\u00a0la\u00a0<strong>Tierra orbita alrededor del Sol sobre un eje inclinado,\u00a0<\/strong>debido probablemente a que el planeta choc\u00f3 con un gran asteoride hace millones de a\u00f1os, en su per\u00edodo de formaci\u00f3n. Entonces, entre marzo y septiembre<strong>\u00a0el hemisferio norte de la Tierra se expone m\u00e1s a la luz solar directa<\/strong>\u00a0en el transcurso de un d\u00eda. El resto del a\u00f1o, es el hemisferio sur quien m\u00e1s recibe, de ah\u00ed que mientras aqu\u00ed es verano all\u00ed es invierno y viceversa.<\/p>\n\n\n\n<p>De igual forma, indic\u00f3 que otro&nbsp;<strong>fen\u00f3meno astron\u00f3mico<\/strong>&nbsp;cercano se registrar\u00e1 el pr\u00f3ximo 4 de julio, d\u00eda en que la tierra estar\u00e1 en su punto m\u00e1s lejano de la \u00f3rbita Sol, fen\u00f3meno que se le conoce como \u00abafelio\u00bb.<\/p>\n\n\n\n<p>La\u00a0<strong>distancia promedio entre la Tierra y el Sol<\/strong>\u00a0es de 150 millones de kil\u00f3metros y ese d\u00eda, el 4 de julio, la tierra se ubicar\u00e1 a unos\u00a0<strong>152 millones de kil\u00f3metros de la \u00f3rbita<\/strong>\u00a0del astro, o sea se registrar\u00e1 su punto m\u00e1s lejano. Su contraparte se conocer como el perihelio, que es el\u00a0<strong>punto m\u00e1s cercano de la Tierra al Sol<\/strong>. El perihelio suele registrarse en las cercan\u00edas del 3 de enero de cada a\u00f1o.<\/p>\n\n\n\n<p>Asimismo, el pr\u00f3ximo 9 de julio, el planeta<strong>&nbsp;Saturno estar\u00e1 100% iluminado<\/strong>, motivo por el cual su magnitud&nbsp;<strong>ser\u00e1 m\u00e1s notable<\/strong>&nbsp;con respecto a otros d\u00edas, subray\u00f3.<\/p>\n\n\n\n<p>Explic\u00f3 que hoy,&nbsp;<strong>Saturno<\/strong>&nbsp;est\u00e1 a 9.173809 Unidades Astron\u00f3micas con respecto a la Tierra, es decir, estar\u00e1 a&nbsp;<strong>mil 372.4 millones de kil\u00f3metros del globo<\/strong>&nbsp;terr\u00e1queo y poco a poco se desplazar\u00e1 hasta tener una magnitud estelar de 0.2, por lo ser\u00e1 uno de los planetas m\u00e1s brillantes de la b\u00f3veda celeste.<\/p>\n\n\n\n<p>Ese d\u00eda, el 9 de julio,<strong>&nbsp;Saturno<\/strong>&nbsp;estar\u00e1 ubicado en la llamada&nbsp;<strong>\u00abconstelaci\u00f3n de Sagitario\u00bb<\/strong>, que es una constelaci\u00f3n muy frecuentada por los aficionados a la astronom\u00eda, ya que en ella se encuentran gran cantidad de objetos de cielo profundo.<\/p>\n","protected":false},"excerpt":{"rendered":"<p>&#8211; -El 21 de junio, el astro rey saldr\u00e1 desde las 6:14 horas y se ocultar\u00e1 o antepondr\u00e1 a las<\/p>\n","protected":false},"author":2,"featured_media":25908,"comment_status":"open","ping_status":"open","sticky":false,"template":"","format":"standard","meta":[],"categories":[1],"tags":[],"_links":{"self":[{"href":"https:\/\/www.radiodigitaltamazunchale.com\/landing\/wp-json\/wp\/v2\/posts\/25887"}],"collection":[{"href":"https:\/\/www.radiodigitaltamazunchale.com\/landing\/wp-json\/wp\/v2\/posts"}],"about":[{"href":"https:\/\/www.radiodigitaltamazunchale.com\/landing\/wp-json\/wp\/v2\/types\/post"}],"author":[{"embeddable":true,"href":"https:\/\/www.radiodigitaltamazunchale.com\/landing\/wp-json\/wp\/v2\/users\/2"}],"replies":[{"embeddable":true,"href":"https:\/\/www.radiodigitaltamazunchale.com\/landing\/wp-json\/wp\/v2\/comments?post=25887"}],"version-history":[{"count":1,"href":"https:\/\/www.radiodigitaltamazunchale.com\/landing\/wp-json\/wp\/v2\/posts\/25887\/revisions"}],"predecessor-version":[{"id":25909,"href":"https:\/\/www.radiodigitaltamazunchale.com\/landing\/wp-json\/wp\/v2\/posts\/25887\/revisions\/25909"}],"wp:featuredmedia":[{"embeddable":true,"href":"https:\/\/www.radiodigitaltamazunchale.com\/landing\/wp-json\/wp\/v2\/media\/25908"}],"wp:attachment":[{"href":"https:\/\/www.radiodigitaltamazunchale.com\/landing\/wp-json\/wp\/v2\/media?parent=25887"}],"wp:term":[{"taxonomy":"category","embeddable":true,"href":"https:\/\/www.radiodigitaltamazunchale.com\/landing\/wp-json\/wp\/v2\/categories?post=25887"},{"taxonomy":"post_tag","embeddable":true,"href":"https:\/\/www.radiodigitaltamazunchale.com\/landing\/wp-json\/wp\/v2\/tags?post=25887"}],"curies":[{"name":"wp","href":"https:\/\/api.w.org\/{rel}","templated":true}]}}